{"id":9291,"date":"2024-03-28T08:00:00","date_gmt":"2024-03-28T11:00:00","guid":{"rendered":"https:\/\/www.produttivo.com.br\/blog\/?p=9291"},"modified":"2026-01-16T17:42:01","modified_gmt":"2026-01-16T20:42:01","slug":"eficiencia-energetica","status":"publish","type":"post","link":"https:\/\/www.produttivo.com.br\/blog\/eficiencia-energetica\/","title":{"rendered":"Efici\u00eancia energ\u00e9tica: o que \u00e9, benef\u00edcios e como calcular"},"content":{"rendered":"\n<p>A efici\u00eancia energ\u00e9tica busca reduzir o gasto de energia, permitindo que os aparelhos operem com a mesma capacidade, mas com consumo menor.<\/p>\n\n\n\n<p>Seu objetivo \u00e9 gerar economia de recursos, minimizar o impacto ambiental do consumo energ\u00e9tico e potencializar o bom funcionamento de m\u00e1quinas e equipamentos. Entenda o que \u00e9 a efici\u00eancia energ\u00e9tica, veja como implementar e saiba o que diz a norma regulamentadora.<\/p>\n\n\n\n<p class=\"has-text-align-center\"><strong>Veja tamb\u00e9m: <\/strong><a href=\"https:\/\/www.produttivo.com.br\/modelo\/checklist-nr-10\/?utm_source=blog&amp;utm_medium=organic&amp;utm_term=postEficienciaEnergetica&amp;utm_campaign=PostEficienciaEnergetica\" target=\"_blank\" data-type=\"URL\" data-id=\"https:\/\/www.produttivo.com.br\/modelo\/checklist-nr-10\/?utm_source=blog&amp;utm_medium=organic&amp;utm_term=postEficienciaEnergetica&amp;utm_campaign=PostEficienciaEnergetica\" rel=\"noreferrer noopener\"><strong>Checklist NR 10 digital para registrar servi\u00e7os com eletricidade<\/strong><\/a><\/p>\n\n\n\n<p><\/p>\n\n\n\t\t\t\t<div class=\"wp-block-uagb-table-of-contents uagb-toc__align-left uagb-toc__columns-1  uagb-block-ecdae951      \"\n\t\t\t\t\tdata-scroll= \"1\"\n\t\t\t\t\tdata-offset= \"30\"\n\t\t\t\t\tstyle=\"\"\n\t\t\t\t>\n\t\t\t\t<div class=\"uagb-toc__wrap\">\n\t\t\t\t\t\t<div class=\"uagb-toc__title\">\n\t\t\t\t\t\t\tVoc\u00ea vai ver:\t\t\t\t\t\t<\/div>\n\t\t\t\t\t\t\t\t\t\t\t\t\t\t\t\t\t\t\t\t\t\t<div class=\"uagb-toc__list-wrap \">\n\t\t\t\t\t\t<ol class=\"uagb-toc__list\"><li class=\"uagb-toc__list\"><a href=\"#o-que-\u00e9-efici\u00eancia-energ\u00e9tica\" class=\"uagb-toc-link__trigger\">O que \u00e9 efici\u00eancia energ\u00e9tica?<\/a><li class=\"uagb-toc__list\"><a href=\"#qual-a-import\u00e2ncia-da-efici\u00eancia-energ\u00e9tica\" class=\"uagb-toc-link__trigger\">Qual a import\u00e2ncia da efici\u00eancia energ\u00e9tica?<\/a><li class=\"uagb-toc__list\"><a href=\"#quais-s\u00e3o-os-tipos-de-efici\u00eancia-energ\u00e9tica\" class=\"uagb-toc-link__trigger\">Quais s\u00e3o os tipos de efici\u00eancia energ\u00e9tica?<\/a><li class=\"uagb-toc__list\"><a href=\"#quais-s\u00e3o-os-benef\u00edcios-da-efici\u00eancia-energ\u00e9tica\" class=\"uagb-toc-link__trigger\">Quais s\u00e3o os benef\u00edcios da efici\u00eancia energ\u00e9tica?<\/a><li class=\"uagb-toc__list\"><a href=\"#qual-o-papel-da-ind\u00fastria-na-efici\u00eancia-energ\u00e9tica\" class=\"uagb-toc-link__trigger\">Qual o papel da ind\u00fastria na efici\u00eancia energ\u00e9tica?<\/a><li class=\"uagb-toc__list\"><a href=\"#qual-a-rela\u00e7\u00e3o-entre-efici\u00eancia-energ\u00e9tica-e-sustentabilidade\" class=\"uagb-toc-link__trigger\">Qual a rela\u00e7\u00e3o entre efici\u00eancia energ\u00e9tica e sustentabilidade?<\/a><li class=\"uagb-toc__list\"><a href=\"#como-melhorar-a-efici\u00eancia-energ\u00e9tica-na-empresa\" class=\"uagb-toc-link__trigger\">Como melhorar a efici\u00eancia energ\u00e9tica na empresa?<\/a><li class=\"uagb-toc__list\"><a href=\"#como-praticar-a-efici\u00eancia-energ\u00e9tica\" class=\"uagb-toc-link__trigger\">Como praticar a efici\u00eancia energ\u00e9tica?<\/a><li class=\"uagb-toc__list\"><a href=\"#como-calcular-a-efici\u00eancia-energ\u00e9tica\" class=\"uagb-toc-link__trigger\">Como calcular a efici\u00eancia energ\u00e9tica?<\/a><li class=\"uagb-toc__list\"><a href=\"#o-que-significa-a-etiqueta-de-efici\u00eancia-energ\u00e9tica\" class=\"uagb-toc-link__trigger\">O que significa a etiqueta de efici\u00eancia energ\u00e9tica?<\/a><li class=\"uagb-toc__list\"><a href=\"#o-que-\u00e9-o-programa-de-efici\u00eancia-energ\u00e9tica\" class=\"uagb-toc-link__trigger\">O que \u00e9 o programa de efici\u00eancia energ\u00e9tica?<\/a><li class=\"uagb-toc__list\"><a href=\"#como-o-produttivo-pode-apoiar-a-efici\u00eancia-energ\u00e9tica\" class=\"uagb-toc-link__trigger\">Como o Produttivo pode apoiar a efici\u00eancia energ\u00e9tica?<\/a><\/ol>\t\t\t\t\t<\/div>\n\t\t\t\t\t\t\t\t\t<\/div>\n\t\t\t\t<\/div>\n\t\t\t\n\n\n<p><\/p>\n\n\n\n<h2 class=\"wp-block-heading\">O que \u00e9 efici\u00eancia energ\u00e9tica?<\/h2>\n\n\n\n<p>Efici\u00eancia energ\u00e9tica \u00e9 a utiliza\u00e7\u00e3o otimizada de <a href=\"https:\/\/www.produttivo.com.br\/blog\/category\/energia\/\" target=\"_blank\" rel=\"noreferrer noopener\">energia<\/a> para alcan\u00e7ar um determinado resultado desejado, normalmente por meio do uso consciente dos recursos energ\u00e9ticos dispon\u00edveis, de modo a minimizar o desperd\u00edcio e aumentar o desempenho.<\/p>\n\n\n\n<p>Em outras palavras, a efici\u00eancia energ\u00e9tica concentra-se em <strong>obter o m\u00e1ximo desempenho com o m\u00ednimo consumo de energia<\/strong>, como usando tecnologias mais modernas e eficientes ou investindo em fontes renov\u00e1veis e limpas.<\/p>\n\n\n\n<p>Ela pode ser aplicada em v\u00e1rios contextos, desde o uso dom\u00e9stico de eletricidade at\u00e9 <a href=\"https:\/\/www.produttivo.com.br\/blog\/manutencao-de-maquinas-industriais\/\" target=\"_blank\" rel=\"noreferrer noopener\">processos industriais<\/a> e <a href=\"https:\/\/www.produttivo.com.br\/blog\/transporte-de-produtos-perigosos\/\" target=\"_blank\" rel=\"noreferrer noopener\">transporte<\/a>.<\/p>\n\n\n\n<figure class=\"wp-block-image size-large\"><a href=\"https:\/\/www.produttivo.com.br\/modelo\/laudo-tecnico-eletrico\/?utm_source=blog&amp;utm_medium=organic&amp;utm_term=postEficienciaEnergetica&amp;utm_campaign=PostEficienciaEnergetica\" target=\"_blank\" rel=\"noopener\"><img decoding=\"async\" width=\"1024\" height=\"535\" data-src=\"https:\/\/www.produttivo.com.br\/blog\/wp-content\/uploads\/2023\/07\/Modelo-de-Laudo-tecnico-eletrico-digital-para-usar-em-aplicativo-1024x535.jpg\" alt=\"Modelo de Laudo t\u00e9cnico el\u00e9trico digital para usar em aplicativo com mais de 13 op\u00e7\u00f5es de campo de resposta, fotos com marca\u00e7\u00e3o de data e hora e assinatura digital\" class=\"wp-image-22659 lazyload\" data-srcset=\"https:\/\/www.produttivo.com.br\/blog\/wp-content\/uploads\/2023\/07\/Modelo-de-Laudo-tecnico-eletrico-digital-para-usar-em-aplicativo-1024x535.jpg 1024w, https:\/\/www.produttivo.com.br\/blog\/wp-content\/uploads\/2023\/07\/Modelo-de-Laudo-tecnico-eletrico-digital-para-usar-em-aplicativo-300x157.jpg 300w, https:\/\/www.produttivo.com.br\/blog\/wp-content\/uploads\/2023\/07\/Modelo-de-Laudo-tecnico-eletrico-digital-para-usar-em-aplicativo.jpg 1200w\" data-sizes=\"(max-width: 1024px) 100vw, 1024px\" src=\"data:image\/svg+xml;base64,PHN2ZyB3aWR0aD0iMSIgaGVpZ2h0PSIxIiB4bWxucz0iaHR0cDovL3d3dy53My5vcmcvMjAwMC9zdmciPjwvc3ZnPg==\" style=\"--smush-placeholder-width: 1024px; --smush-placeholder-aspect-ratio: 1024\/535;\" \/><\/a><\/figure>\n\n\n\n<h2 class=\"wp-block-heading\">Qual a import\u00e2ncia da efici\u00eancia energ\u00e9tica?<\/h2>\n\n\n\n<p>A efici\u00eancia energ\u00e9tica busca operar com a mesma <a href=\"https:\/\/www.produttivo.com.br\/blog\/gestao-da-qualidade-em-servicos\/\" target=\"_blank\" rel=\"noreferrer noopener\">qualidade<\/a>, mas reduzindo o consumo de energia. Dessa forma, permite <strong>apresentar os mesmos resultados enquanto reduz o impacto do gasto energ\u00e9tico<\/strong> no meio ambiente, diminui gastos desnecess\u00e1rios e estimula o bom uso dos recursos.<\/p>\n\n\n\n<h2 class=\"wp-block-heading\">Quais s\u00e3o os tipos de efici\u00eancia energ\u00e9tica?<\/h2>\n\n\n\n<p>No Brasil, a efici\u00eancia energ\u00e9tica \u00e9 classificada em diferentes oito tipos: A+, A, B, B-, C, D, E, F e G. Quanto mais pr\u00f3ximo de A+, maior \u00e9 a efici\u00eancia energ\u00e9tica do item em quest\u00e3o, seja ele um im\u00f3vel, eletrodom\u00e9stico ou at\u00e9 meio de transporte.<\/p>\n\n\n\n<p>Um item classificado como A+ ter\u00e1 o desempenho energ\u00e9tico mais eficiente, enquanto outro classificado como G ser\u00e1 considerado menos eficiente. Cada tipo \u00e9 ainda classificado com uma cor, do verde ao vermelho.<\/p>\n\n\n\n<div class=\"wp-block-image\"><figure class=\"aligncenter size-full\"><img decoding=\"async\" width=\"333\" height=\"506\" data-src=\"https:\/\/www.produttivo.com.br\/blog\/wp-content\/uploads\/2022\/09\/Etiqueta-Procel.png\" alt=\"Etiqueta com as classifica\u00e7\u00f5es de energia\" class=\"wp-image-25068 lazyload\" data-srcset=\"https:\/\/www.produttivo.com.br\/blog\/wp-content\/uploads\/2022\/09\/Etiqueta-Procel.png 333w, https:\/\/www.produttivo.com.br\/blog\/wp-content\/uploads\/2022\/09\/Etiqueta-Procel-197x300.png 197w\" data-sizes=\"(max-width: 333px) 100vw, 333px\" src=\"data:image\/svg+xml;base64,PHN2ZyB3aWR0aD0iMSIgaGVpZ2h0PSIxIiB4bWxucz0iaHR0cDovL3d3dy53My5vcmcvMjAwMC9zdmciPjwvc3ZnPg==\" style=\"--smush-placeholder-width: 333px; --smush-placeholder-aspect-ratio: 333\/506;\" \/><\/figure><\/div>\n\n\n\n<p>A classifica\u00e7\u00e3o da efici\u00eancia energ\u00e9tica \u00e9 definida pelo INMETRO, \u00f3rg\u00e3o governamental federal que \u00e9 respons\u00e1vel pelo c\u00e1lculo, <a href=\"https:\/\/www.produttivo.com.br\/blog\/monitoramento-de-equipe-externa-como-fazer\/\" target=\"_blank\" rel=\"noreferrer noopener\">monitoramento<\/a> e emiss\u00e3o do selo, como veremos mais adiante.<\/p>\n\n\n\n<h2 class=\"wp-block-heading\">Quais s\u00e3o os benef\u00edcios da efici\u00eancia energ\u00e9tica?<\/h2>\n\n\n\n<p>A efici\u00eancia energ\u00e9tica \u00e9 capaz de trazer muitas vantagens que v\u00e3o desde o consumidor at\u00e9 efeitos positivos ao meio ambiente. Vamos conhecer esses benef\u00edcios:<\/p>\n\n\n\n<h3 class=\"wp-block-heading\">Redu\u00e7\u00e3o dos impactos ambientais<\/h3>\n\n\n\n<p>Menor consumo de energia tende a significar menos emiss\u00f5es de gases causadores de efeito estufa e outros poluentes associados \u00e0 produ\u00e7\u00e3o e uso de energia, o que \u00e9 fundamental para combater as mudan\u00e7as clim\u00e1ticas e reduzir o <a href=\"https:\/\/www.produttivo.com.br\/blog\/relatorio-de-impacto-ambiental-rima\/\" target=\"_blank\" rel=\"noreferrer noopener\">impacto ambiental<\/a>.<\/p>\n\n\n\n<h3 class=\"wp-block-heading\">Economia e redu\u00e7\u00e3o de custos<\/h3>\n\n\n\n<p>Utilizar energia de forma mais eficiente pode levar a economias significativas nos gastos com energia, tanto para consumidores individuais quanto para empresas e at\u00e9 governos. Se um equipamento consome menos energia, mas continua apresentando o mesmo desempenho, a economia vir\u00e1 na conta de luz e na redu\u00e7\u00e3o do <a href=\"https:\/\/www.produttivo.com.br\/blog\/depreciacao-de-maquinas-e-equipamentos\/\" target=\"_blank\" rel=\"noreferrer noopener\">desgaste<\/a> dos aparelhos.<\/p>\n\n\n\n<h3 class=\"wp-block-heading\">Melhor qualidade do ar<\/h3>\n\n\n\n<p>Assim como a produ\u00e7\u00e3o e o uso de energia afetam o meio ambiente, tamb\u00e9m impactam na qualidade do ar, que sofre com a emiss\u00e3o de poluentes e prejudica a sa\u00fade da popula\u00e7\u00e3o. A boa qualidade do ar est\u00e1 diretamente relacionada \u00e0 qualidade de vida.<\/p>\n\n\n\n<h3 class=\"wp-block-heading\">Impulsionamento da economia local<\/h3>\n\n\n\n<p>Investimentos em efici\u00eancia energ\u00e9tica podem estimular a inova\u00e7\u00e3o e o desenvolvimento de novas tecnologias, criando empregos e fortalecendo a economia.<\/p>\n\n\n\n<p>Al\u00e9m disso, quando optamos por equipamentos com maior efici\u00eancia energ\u00e9tica, reduzimos gastos com contas e, em consequ\u00eancia, temos meios para consumir em lojas e <a href=\"https:\/\/www.produttivo.com.br\/blog\/guia-para-prestacao-de-servicos\/\" data-type=\"URL\" data-id=\"https:\/\/www.produttivo.com.br\/blog\/guia-para-prestacao-de-servicos\/\">servi\u00e7os<\/a> da cidade, impulsionando a economia local.<\/p>\n\n\n\n<h2 class=\"wp-block-heading\">Qual o papel da ind\u00fastria na efici\u00eancia energ\u00e9tica?<\/h2>\n\n\n\n<p>A <a href=\"https:\/\/www.produttivo.com.br\/blog\/guia-manutencao-industrial-o-que-faz\/\" target=\"_blank\" rel=\"noreferrer noopener\">ind\u00fastria<\/a> de modo geral \u00e9 um dos grandes consumidores de energia, por isso tem papel fundamental na aplica\u00e7\u00e3o da efici\u00eancia energ\u00e9tica. Vamos entender melhor:<\/p>\n\n\n\n<h3 class=\"wp-block-heading\">Consumo de energia<\/h3>\n\n\n\n<p>Pelo alto potencial de consumo devido \u00e0s opera\u00e7\u00f5es de produ\u00e7\u00e3o, processamento e fabrica\u00e7\u00e3o que frequentemente exigem grandes quantidades de energia, a efici\u00eancia energ\u00e9tica na ind\u00fastria pode resultar em economias substanciais de energia.<\/p>\n\n\n\n<h3 class=\"wp-block-heading\">Tecnologias eficientes<\/h3>\n\n\n\n<p>A ind\u00fastria tem um papel muito importante na ado\u00e7\u00e3o e desenvolvimento de tecnologias de efici\u00eancia energ\u00e9tica. Isso inclui investir em equipamentos e processos mais eficientes, como <a href=\"https:\/\/www.produttivo.com.br\/blog\/manutencao-de-motores-eletricos\/\" target=\"_blank\" rel=\"noreferrer noopener\">motores el\u00e9tricos<\/a>, sistemas de ilumina\u00e7\u00e3o, <a href=\"https:\/\/www.produttivo.com.br\/blog\/sistema-de-gestao-ambiental-sga\/\" target=\"_blank\" rel=\"noreferrer noopener\">sistemas de gest\u00e3o<\/a> de energia e tecnologias de recupera\u00e7\u00e3o de calor.<\/p>\n\n\n\n<h3 class=\"wp-block-heading\">Pr\u00e1ticas operacionais<\/h3>\n\n\n\n<p>As <a href=\"https:\/\/www.produttivo.com.br\/blog\/pop-procedimento-operacional-padrao\/\" target=\"_blank\" rel=\"noreferrer noopener\">pr\u00e1ticas operacionais<\/a> dentro das instala\u00e7\u00f5es industriais tamb\u00e9m t\u00eam um impacto significativo na efici\u00eancia energ\u00e9tica, inclusive otimizar o uso de equipamentos, ajustar os processos de produ\u00e7\u00e3o para reduzir o consumo de energia, implementar <a href=\"https:\/\/www.produttivo.com.br\/blog\/como-fazer-um-plano-de-manutencao-eficiente\/\" target=\"_blank\" rel=\"noreferrer noopener\">programas<\/a> de <a href=\"https:\/\/www.produttivo.com.br\/blog\/manutencao-preventiva-quando-aplicar\/\" target=\"_blank\" rel=\"noreferrer noopener\">manuten\u00e7\u00e3o preventiva<\/a> para garantir que os equipamentos funcionem de forma eficiente e educar os funcion\u00e1rios sobre pr\u00e1ticas de economia de recursos.<\/p>\n\n\n\n<figure class=\"wp-block-image size-large\"><a href=\"https:\/\/www.produttivo.com.br\/modelo\/checklist-manutencao-preventiva\/?utm_source=blog&amp;utm_medium=organic&amp;utm_term=postEficienciaEnergetica&amp;utm_campaign=PostEficienciaEnergetica\" target=\"_blank\" rel=\"noopener\"><img decoding=\"async\" width=\"1024\" height=\"535\" data-src=\"https:\/\/www.produttivo.com.br\/blog\/wp-content\/uploads\/2023\/04\/Checklist-Digital-de-Manutencao-Preventiva-para-usar-dentro-do-sistema-do-Produttivo-1024x535.webp\" alt=\"Checklist Digital de Manuten\u00e7\u00e3o Preventiva para usar dentro do sistema do Produttivo\" class=\"wp-image-22052 lazyload\" data-srcset=\"https:\/\/www.produttivo.com.br\/blog\/wp-content\/uploads\/2023\/04\/Checklist-Digital-de-Manutencao-Preventiva-para-usar-dentro-do-sistema-do-Produttivo-1024x535.webp 1024w, https:\/\/www.produttivo.com.br\/blog\/wp-content\/uploads\/2023\/04\/Checklist-Digital-de-Manutencao-Preventiva-para-usar-dentro-do-sistema-do-Produttivo-300x157.webp 300w, https:\/\/www.produttivo.com.br\/blog\/wp-content\/uploads\/2023\/04\/Checklist-Digital-de-Manutencao-Preventiva-para-usar-dentro-do-sistema-do-Produttivo.webp 1200w\" data-sizes=\"(max-width: 1024px) 100vw, 1024px\" src=\"data:image\/svg+xml;base64,PHN2ZyB3aWR0aD0iMSIgaGVpZ2h0PSIxIiB4bWxucz0iaHR0cDovL3d3dy53My5vcmcvMjAwMC9zdmciPjwvc3ZnPg==\" style=\"--smush-placeholder-width: 1024px; --smush-placeholder-aspect-ratio: 1024\/535;\" \/><\/a><\/figure>\n\n\n\n<h3 class=\"wp-block-heading\">Inova\u00e7\u00e3o e pesquisa<\/h3>\n\n\n\n<p>A ind\u00fastria ainda est\u00e1 presente no financiamento e na condu\u00e7\u00e3o de pesquisas e desenvolvimentos de novas tecnologias de efici\u00eancia energ\u00e9tica. Isso pode incluir a pesquisa de <a href=\"https:\/\/www.produttivo.com.br\/blog\/controle-de-materiais\/\" target=\"_blank\" rel=\"noreferrer noopener\">materiais<\/a> mais eficientes, processos de produ\u00e7\u00e3o mais limpos e novas formas de aproveitamento de energia.<\/p>\n\n\n\n<h3 class=\"wp-block-heading\">Legisla\u00e7\u00e3o e regulamenta\u00e7\u00e3o<\/h3>\n\n\n\n<p>As ind\u00fastrias est\u00e3o sujeitas a <a href=\"https:\/\/www.produttivo.com.br\/blog\/normas-regulamentadoras\/\" target=\"_blank\" rel=\"noreferrer noopener\">normas<\/a> de efici\u00eancia energ\u00e9tica que n\u00e3o se aplicam aos consumidores individuais, podendo incluir padr\u00f5es de efici\u00eancia para produtos e <a href=\"https:\/\/www.produttivo.com.br\/blog\/manutencao-de-maquinas-industriais\/\" target=\"_blank\" rel=\"noreferrer noopener\">equipamentos industriais<\/a>, requisitos de relat\u00f3rios de emiss\u00f5es de gases de efeito estufa e incentivos financeiros para investimentos em efici\u00eancia energ\u00e9tica.<\/p>\n\n\n\n<p>Ou seja, a ind\u00fastria est\u00e1 diretamente relacionada \u00e0 efici\u00eancia energ\u00e9tica, tanto por meio de medidas pr\u00e1ticas de redu\u00e7\u00e3o do consumo de energia quanto por meio do desenvolvimento de tecnologias mais eficientes.<\/p>\n\n\n\n<p>Esses esfor\u00e7os, al\u00e9m de beneficiar as empresas reduzindo <a href=\"https:\/\/www.produttivo.com.br\/blog\/custo-de-manutencao\/\" target=\"_blank\" rel=\"noreferrer noopener\">custos<\/a> operacionais, tamb\u00e9m contribuem para objetivos mais amplos de sustentabilidade e <a href=\"https:\/\/www.produttivo.com.br\/blog\/normas-de-seguranca\/\" target=\"_blank\" rel=\"noreferrer noopener\">seguran\u00e7a<\/a>.<\/p>\n\n\n\n<h2 class=\"wp-block-heading\">Qual a rela\u00e7\u00e3o entre efici\u00eancia energ\u00e9tica e sustentabilidade?<\/h2>\n\n\n\n<p>A rela\u00e7\u00e3o entre efici\u00eancia energ\u00e9tica e sustentabilidade \u00e9 profunda e essencial para alcan\u00e7ar um desenvolvimento sustent\u00e1vel, entenda porqu\u00ea:<\/p>\n\n\n\n<ul class=\"wp-block-list\"><li><strong>Redu\u00e7\u00e3o de emiss\u00f5es<\/strong>: melhorar a efici\u00eancia energ\u00e9tica reduz o consumo de energia, o que por sua vez reduz as emiss\u00f5es de gases e outros poluentes, sendo fundamental para reverter as mudan\u00e7as clim\u00e1ticas;<\/li><li><strong>Conserva\u00e7\u00e3o de recursos naturais<\/strong>: ao usar menos energia para realizar as mesmas tarefas, a efici\u00eancia energ\u00e9tica contribui para a conserva\u00e7\u00e3o de recursos naturais n\u00e3o renov\u00e1veis, como petr\u00f3leo, g\u00e1s natural e carv\u00e3o. Isso ajuda a preservar esses recursos para as gera\u00e7\u00f5es futuras e reduz a depend\u00eancia de fontes de energia n\u00e3o sustent\u00e1veis;<\/li><li><strong>Redu\u00e7\u00e3o do impacto ambiental<\/strong>: a efici\u00eancia energ\u00e9tica tamb\u00e9m pode reduzir o impacto ambiental negativo associado \u00e0 produ\u00e7\u00e3o, transporte e uso de energia, incluindo a polui\u00e7\u00e3o do ar, a degrada\u00e7\u00e3o do solo e da \u00e1gua e a perda de habitat, contribuindo para a preserva\u00e7\u00e3o da biodiversidade e dos ecossistemas;<\/li><li><strong>Promo\u00e7\u00e3o da seguran\u00e7a energ\u00e9tica<\/strong>: melhorar a efici\u00eancia energ\u00e9tica reduz a depend\u00eancia de fontes de energia importadas e vol\u00e1teis, promovendo assim uma maior seguran\u00e7a energ\u00e9tica. Isso ajuda a reduzir os impactos de interrup\u00e7\u00f5es no fornecimento de energia e flutua\u00e7\u00f5es nos pre\u00e7os;<\/li><li><strong>Benef\u00edcios econ\u00f4micos<\/strong>: outra vantagem da efici\u00eancia energ\u00e9tica s\u00e3o os benef\u00edcios econ\u00f4micos, como redu\u00e7\u00e3o nos custos de energia e cria\u00e7\u00e3o de empregos nesse segmento.<\/li><\/ul>\n\n\n\n<h2 class=\"wp-block-heading\">Como melhorar a efici\u00eancia energ\u00e9tica na empresa?<\/h2>\n\n\n\n<p>As empresas podem investir na efici\u00eancia energ\u00e9tica sem precisar, necessariamente, investir em uma nova fonte de energia renov\u00e1vel. A efici\u00eancia energ\u00e9tica est\u00e1 at\u00e9 mesmo nos processos do dia a dia, que podem ser revisados a fim de aumentar a produtividade da equipe. Olha s\u00f3:<\/p>\n\n\n\n<h3 class=\"wp-block-heading\">Redu\u00e7\u00e3o de emiss\u00f5es<\/h3>\n\n\n\n<p>Reduzir a emiss\u00e3o de gases poluentes contribui com a preserva\u00e7\u00e3o da sa\u00fade de trabalhadores e do meio ambiente. Al\u00e9m disso, a empresa estar\u00e1 dentro de normas e legisla\u00e7\u00f5es, como a <a href=\"https:\/\/legis.senado.leg.br\/norma\/548679#:~:text=Disp%C3%B5e%20sobre%20as%20diretrizes%20b%C3%A1sicas,polui%C3%A7%C3%A3o%2C%20e%20d%C3%A1%20outras%20provid%C3%AAncias.&amp;text=AUTOR%3A%20EXECUTIVO%20%2D%20PLN%207%20DE%201980.&amp;text=POLUI%C3%87%C3%83O%20INDUSTRIAL%20.\" target=\"_blank\" rel=\"noreferrer noopener\">Lei Federal n\u00ba 1413\/ 1975<\/a>, que fala do controle da polui\u00e7\u00e3o do meio ambiente provocada por atividades industriais.&nbsp;<\/p>\n\n\n\n<h3 class=\"wp-block-heading\">Investimento em novas tecnologias<\/h3>\n\n\n\n<p>Quando as empresas investem em novas tecnologias e manuten\u00e7\u00f5es de equipamentos, reduzem a obsolesc\u00eancia que levam ao descarte dos <a href=\"https:\/\/www.produttivo.com.br\/blog\/gestao-de-ativos-o-passo-a-passo-para-gerar-resultados\/\" target=\"_blank\" rel=\"noreferrer noopener\">ativos<\/a>, prolongando sua <a href=\"https:\/\/www.produttivo.com.br\/blog\/lcc-custo-de-ciclo-de-vida\/\" target=\"_blank\" rel=\"noreferrer noopener\">vida \u00fatil<\/a>, e evitam desperd\u00edcios de materiais.<\/p>\n\n\n\n<p>Al\u00e9m disso, a empresa pode optar por substituir equipamentos obsoletos por novos, que estejam com classifica\u00e7\u00e3o alta de desempenho energ\u00e9tico. Tamb\u00e9m \u00e9 poss\u00edvel investir em maquin\u00e1rios com recursos como desligamento autom\u00e1tico ou sensores que ajudam a poupar energia durante os per\u00edodos de <a href=\"https:\/\/www.produttivo.com.br\/blog\/downtime-tempo-de-inatividade\/\" target=\"_blank\" rel=\"noreferrer noopener\">downtime<\/a>.<\/p>\n\n\n\n<h3 class=\"wp-block-heading\">Planejamento de processos<\/h3>\n\n\n\n<p>Na ind\u00fastria, fazer <a href=\"https:\/\/www.produttivo.com.br\/blog\/inspecao-periodica\/\" target=\"_blank\" rel=\"noreferrer noopener\">avalia\u00e7\u00f5es peri\u00f3dicas<\/a> de consumo \u00e9 muito importante para encontrar gargalos na opera\u00e7\u00e3o. A fim de reduzir o desperd\u00edcio de insumos na cadeia produtiva, investir no planejamento e <a href=\"https:\/\/www.produttivo.com.br\/blog\/automacao-industrial\/\" target=\"_blank\" rel=\"noreferrer noopener\">automa\u00e7\u00e3o<\/a> de processos tamb\u00e9m contribui para aumentar a efici\u00eancia energ\u00e9tica.<\/p>\n\n\n\n<h2 class=\"wp-block-heading\">Como praticar a efici\u00eancia energ\u00e9tica?<\/h2>\n\n\n\n<p>Praticar a efici\u00eancia energ\u00e9tica envolve adotar h\u00e1bitos e tomar medidas conscientes para reduzir o consumo de energia. Separamos algumas pr\u00e1ticas que as empresas podem adotar para ser mais eficientes energeticamente:<\/p>\n\n\n\n<ul class=\"wp-block-list\"><li><strong>Utilizar ilumina\u00e7\u00e3o eficiente<\/strong>: substitua l\u00e2mpadas incandescentes por l\u00e2mpadas LED, que consomem menos energia e t\u00eam uma vida \u00fatil mais longa. Tamb\u00e9m \u00e9 poss\u00edvel investir em l\u00e2mpadas que ligam e desligam automaticamente conforme a presen\u00e7a de pessoas no ambiente, evitando que fiquem sempre acesas;<\/li><li><strong>Desligue aparelhos quando n\u00e3o estiverem em uso<\/strong>: sempre que poss\u00edvel, desligue m\u00e1quinas e equipamentos quando n\u00e3o estiverem em uso. Mesmo em modo de espera, esses aparelhos consomem energia;<\/li><li><strong>Ajuste a temperatura<\/strong>: reduza o uso de <a href=\"https:\/\/www.produttivo.com.br\/blog\/sistema-de-climatizacao-industrial\/\" target=\"_blank\" rel=\"noreferrer noopener\">climatiza\u00e7\u00e3o<\/a> e <a href=\"https:\/\/www.produttivo.com.br\/blog\/refrigeracao-industrial\/\" target=\"_blank\" rel=\"noreferrer noopener\">refrigera\u00e7\u00e3o<\/a> ajustando a temperatura para n\u00edveis confort\u00e1veis, mas eficientes. Use termostatos program\u00e1veis para otimizar o uso de energia;<\/li><li><strong>Isolamento e veda\u00e7\u00e3o<\/strong>: certifique-se de que portas e janelas estejam bem isoladas e vedadas para evitar vazamentos de ar, o que pode aumentar o consumo de energia para aparelhos <a href=\"https:\/\/www.produttivo.com.br\/blog\/avac\/\" target=\"_blank\" rel=\"noreferrer noopener\">AVAC<\/a>;<\/li><li><strong>Escolha equipamentos eficientes<\/strong>: ao adquirir <a href=\"https:\/\/www.produttivo.com.br\/blog\/riscos-com-maquinas-e-equipamentos\/\" target=\"_blank\" rel=\"noreferrer noopener\">m\u00e1quinas e equipamentos<\/a> para sua empresa, escolha modelos com classifica\u00e7\u00e3o de efici\u00eancia energ\u00e9tica A ou superior. Eles consomem menos energia durante o uso;<\/li><li><strong>Incentive o transporte sustent\u00e1vel<\/strong>: crie programas de incentivo que recompensem a equipe por caminhar, andar de bicicleta, usar transporte p\u00fablico ou compartilhar carros sempre que poss\u00edvel para reduzir o consumo de combust\u00edveis f\u00f3sseis e as emiss\u00f5es de carbono;<\/li><li><strong>Fa\u00e7a manuten\u00e7\u00e3o regular de equipamentos<\/strong>: mantenha equipamentos e sistemas com as <a href=\"https:\/\/www.produttivo.com.br\/blog\/estrategias-de-manutencao\/\" target=\"_blank\" rel=\"noreferrer noopener\">estrat\u00e9gias de manuten\u00e7\u00e3o<\/a> adequadas para garantir que funcionem de forma eficiente e n\u00e3o sejam fonte de desperd\u00edcio;<\/li><li><strong>Promova a conscientiza\u00e7\u00e3o<\/strong>: promova treinamentos para a <a href=\"https:\/\/www.produttivo.com.br\/blog\/gestao-equipes-externas\/\" target=\"_blank\" rel=\"noreferrer noopener\">equipe<\/a> sobre a import\u00e2ncia da efici\u00eancia energ\u00e9tica e incentive a ado\u00e7\u00e3o de pr\u00e1ticas eficientes no dia a dia da empresa.<\/li><\/ul>\n\n\n\n<h2 class=\"wp-block-heading\">Como calcular a efici\u00eancia energ\u00e9tica?<\/h2>\n\n\n\n<p>A efici\u00eancia energ\u00e9tica pode ser calculada para mostrar o desempenho dos equipamentos em termos pr\u00e1ticos. O c\u00e1lculo da efici\u00eancia energ\u00e9tica envolve determinar a quantidade de energia \u00fatil produzida (ou fornecida) em rela\u00e7\u00e3o \u00e0 quantidade total de energia consumida.&nbsp;<\/p>\n\n\n\n<p>Existem diferentes m\u00e9todos de c\u00e1lculo dependendo das normas aplic\u00e1veis, mas uma op\u00e7\u00e3o \u00e9 utilizar a f\u00f3rmula a seguir:<\/p>\n\n\n\n<p class=\"has-text-align-center\"><strong>Efici\u00eancia energ\u00e9tica = (Energia \u00fatil produzida \u00f7 Energia total consumida) x 100%<\/strong><\/p>\n\n\n\n<p>Primeiro, identifique a energia \u00fatil produzida pelo sistema que voc\u00ea est\u00e1 avaliando. Por exemplo, se estiver avaliando a efici\u00eancia de um <a href=\"https:\/\/www.produttivo.com.br\/blog\/sistema-hvac\/\" target=\"_blank\" rel=\"noreferrer noopener\">sistema de aquecime<\/a><a href=\"https:\/\/www.produttivo.com.br\/blog\/sistema-hvac\/\">nto<\/a>, a energia \u00fatil seria a quantidade de calor produzida para aquecer um espa\u00e7o.<\/p>\n\n\n\n<p>Em seguida, identifique a energia total consumida pelo sistema durante o mesmo per\u00edodo de tempo, geralmente medida em joules (J) ou kilowatt-horas (kWh).<\/p>\n\n\n\n<p>Por exemplo: se um sistema de aquecimento produz 5000kJ de calor \u00fatil e consome 7500kJ de energia total, nosso c\u00e1lculo ser\u00e1:<\/p>\n\n\n\n<figure class=\"wp-block-table\"><table><tbody><tr><td class=\"has-text-align-center\" data-align=\"center\"><strong>Efici\u00eancia energ\u00e9tica = (5000kJ \u00f7 7500kJ) x 100% = 66,67%<\/strong><\/td><\/tr><\/tbody><\/table><\/figure>\n\n\n\n<p>A efici\u00eancia energ\u00e9tica \u00e9 expressa como uma porcentagem, em que valores mais altos indicam mais efici\u00eancia. No exemplo acima, isso significa que 66,67% da energia consumida pelo sistema foi convertida em energia \u00fatil de aquecimento, enquanto os outros 33,33% foram perdidos em forma de calor residual, inefici\u00eancias do sistema, etc.<\/p>\n\n\n\n<p>\u00c9 importante lembrar que os c\u00e1lculos de efici\u00eancia energ\u00e9tica podem ser mais complexos conforme o sistema. Por exemplo, em uma instala\u00e7\u00e3o industrial, podem ser necess\u00e1rias considera\u00e7\u00f5es adicionais, como perdas de energia durante a transmiss\u00e3o ou convers\u00e3o, efici\u00eancia de equipamentos individuais e fatores de carga.<\/p>\n\n\n\n<h2 class=\"wp-block-heading\">O que significa a etiqueta de efici\u00eancia energ\u00e9tica?<\/h2>\n\n\n\n<p>Voc\u00ea j\u00e1 deve ter visto eletrodom\u00e9sticos e aparelhos com uma etiqueta colorida, indicando a classifica\u00e7\u00e3o do consumo de energia daquele produto.<\/p>\n\n\n\n<p>A etiqueta de efici\u00eancia energ\u00e9tica \u00e9 um r\u00f3tulo padronizado que fornece informa\u00e7\u00f5es sobre o desempenho energ\u00e9tico de um produto, ajudando os consumidores a fazer escolhas mais conscientes e sustent\u00e1veis.<\/p>\n\n\n\n<p>As etiquetas de efici\u00eancia energ\u00e9tica geralmente incluem as seguintes informa\u00e7\u00f5es:<\/p>\n\n\n\n<ul class=\"wp-block-list\"><li><strong>Classifica\u00e7\u00e3o energ\u00e9tica<\/strong>: conforme explicamos anteriormente, \u00e9 uma classifica\u00e7\u00e3o que indica o n\u00edvel de efici\u00eancia energ\u00e9tica do produto, geralmente em uma escala de A (mais eficiente) a G (menos eficiente);<\/li><li><strong>Consumo de energia<\/strong>: informa\u00e7\u00f5es sobre o consumo de energia do produto, geralmente em termos de consumo anual de energia em kilowatt-horas (kWh);<\/li><li><strong>Caracter\u00edsticas do produto<\/strong>: dados adicionais sobre o produto, como capacidade, tipo de tecnologia utilizada, vida \u00fatil esperada, entre outros.<\/li><\/ul>\n\n\n\n<p>A etiqueta tamb\u00e9m deve conter informa\u00e7\u00f5es sobre o fabricante, tipo de equipamento e modelo. Para assegurar a veracidade da etiqueta, procure pelo selo do INMETRO e do Procel (Programa Nacional de Conserva\u00e7\u00e3o de Energ\u00e9tica El\u00e9trica) que devem estar na parte de baixo.<\/p>\n\n\n\n<div class=\"wp-block-image\"><figure class=\"aligncenter size-full\"><img decoding=\"async\" width=\"333\" height=\"506\" data-src=\"https:\/\/www.produttivo.com.br\/blog\/wp-content\/uploads\/2022\/09\/Etiqueta-Procel.png\" alt=\"\" class=\"wp-image-25068 lazyload\" data-srcset=\"https:\/\/www.produttivo.com.br\/blog\/wp-content\/uploads\/2022\/09\/Etiqueta-Procel.png 333w, https:\/\/www.produttivo.com.br\/blog\/wp-content\/uploads\/2022\/09\/Etiqueta-Procel-197x300.png 197w\" data-sizes=\"(max-width: 333px) 100vw, 333px\" src=\"data:image\/svg+xml;base64,PHN2ZyB3aWR0aD0iMSIgaGVpZ2h0PSIxIiB4bWxucz0iaHR0cDovL3d3dy53My5vcmcvMjAwMC9zdmciPjwvc3ZnPg==\" style=\"--smush-placeholder-width: 333px; --smush-placeholder-aspect-ratio: 333\/506;\" \/><\/figure><\/div>\n\n\n\n<p>Essas etiquetas s\u00e3o projetadas para serem facilmente compreendidas pelos consumidores, permitindo que comparem rapidamente o desempenho energ\u00e9tico de diferentes produtos e fa\u00e7am escolhas informadas que levem em considera\u00e7\u00e3o n\u00e3o apenas o pre\u00e7o, mas tamb\u00e9m os custos operacionais ao longo do tempo e o impacto ambiental.<\/p>\n\n\n\n<h2 class=\"wp-block-heading\">O que \u00e9 o programa de efici\u00eancia energ\u00e9tica?<\/h2>\n\n\n\n<p>O <a href=\"https:\/\/www.gov.br\/mme\/pt-br\/assuntos\/secretarias\/sntep\/procel\" target=\"_blank\" rel=\"noreferrer noopener\">Programa Nacional de Conserva\u00e7\u00e3o de Energia El\u00e9trica<\/a>, ou Procel, \u00e9 uma iniciativa do Governo Federal institu\u00edda em 1985 com o objetivo de incentivar o uso consciente da energia el\u00e9trica.<\/p>\n\n\n\n<p>Composto por diferentes comit\u00eas e planos, ele \u00e9 o principal apoiador da efici\u00eancia energ\u00e9tica no Brasil, estimulando a ado\u00e7\u00e3o de boas pr\u00e1ticas na gera\u00e7\u00e3o, transmiss\u00e3o, distribui\u00e7\u00e3o e consumo de energia.<\/p>\n\n\n\n<p>\u00c9 o Procel, junto com o INMETRO, que emite a etiqueta que falamos acima, atestando a efici\u00eancia energ\u00e9tica de <a href=\"https:\/\/www.produttivo.com.br\/blog\/inspecao-de-equipamentos\/\" target=\"_blank\" rel=\"noreferrer noopener\">equipamentos<\/a> e aparelhos, al\u00e9m de outras atribui\u00e7\u00f5es.<\/p>\n\n\n\n<h2 class=\"wp-block-heading\">Como o Produttivo pode apoiar a efici\u00eancia energ\u00e9tica?<\/h2>\n\n\n\n<p>O <a href=\"https:\/\/www.produttivo.com.br\/?utm_source=blog&amp;utm_medium=organic&amp;utm_term=postEficienciaEnergetica&amp;utm_campaign=PostEficienciaEnergetica\" target=\"_blank\" data-type=\"URL\" data-id=\"https:\/\/www.produttivo.com.br\/?utm_source=blog&amp;utm_medium=organic&amp;utm_term=postEficienciaEnergetica&amp;utm_campaign=PostEficienciaEnergetica\" rel=\"noreferrer noopener\">Produttivo<\/a> \u00e9 um sistema totalmente digital para <a href=\"https:\/\/www.produttivo.com.br\/blog\/controle-de-ordem-de-servico\/\" target=\"_blank\" rel=\"noreferrer noopener\">controle de servi\u00e7os<\/a> e emiss\u00e3o de <a href=\"https:\/\/www.produttivo.com.br\/blog\/relatorio-tecnico\/\" target=\"_blank\" rel=\"noreferrer noopener\">relat\u00f3rios<\/a>, <a href=\"https:\/\/www.produttivo.com.br\/blog\/modelo-de-ordem-de-servico-exemplos-e-dicas\/\" target=\"_blank\" rel=\"noreferrer noopener\">ordens de servi\u00e7o<\/a> e <a href=\"https:\/\/www.produttivo.com.br\/blog\/o-que-e-checklist\/\" target=\"_blank\" rel=\"noreferrer noopener\">checklists<\/a>.<\/p>\n\n\n\n<p>Um dos recursos que o sistema oferece para apoiar a efici\u00eancia energ\u00e9tica \u00e9 o <a href=\"https:\/\/www.produttivo.com.br\/blog\/check-list-manutencao-preventiva\/\" target=\"_blank\" rel=\"noreferrer noopener\">checklist de manuten\u00e7\u00e3o preventiva<\/a>, que ajuda na preserva\u00e7\u00e3o dos equipamentos e assegura que estejam operando bem. Veja como fica nosso <a href=\"https:\/\/www.produttivo.com.br\/modelo\/checklist-manutencao-preventiva\/?utm_source=blog&amp;utm_medium=organic&amp;utm_term=postEficienciaEnergetica&amp;utm_campaign=PostEficienciaEnergetica\" target=\"_blank\" data-type=\"URL\" data-id=\"https:\/\/www.produttivo.com.br\/modelo\/checklist-manutencao-preventiva\/?utm_source=blog&amp;utm_medium=organic&amp;utm_term=postEficienciaEnergetica&amp;utm_campaign=PostEficienciaEnergetica\" rel=\"noreferrer noopener\">modelo de Checklist de Manuten\u00e7\u00e3o Preventiva<\/a> preenchido e exportado em PDF:<\/p>\n\n\n\n<figure class=\"wp-block-gallery has-nested-images columns-default is-cropped wp-block-gallery-1 is-layout-flex wp-block-gallery-is-layout-flex\">\n<figure class=\"wp-block-image size-large\"><a href=\"https:\/\/www.produttivo.com.br\/modelo\/checklist-manutencao-preventiva\/?utm_source=blog&amp;utm_medium=organic&amp;utm_term=postEficienciaEnergetica&amp;utm_campaign=PostEficienciaEnergetica\" target=\"_blank\" rel=\"noopener\"><img decoding=\"async\" width=\"900\" height=\"1298\" data-id=\"22322\" data-src=\"https:\/\/www.produttivo.com.br\/blog\/wp-content\/uploads\/2021\/12\/modelo-checklist-manutencao-preventiva-1-comprimido.jpg\" alt=\"Modelo de checklist de manuten\u00e7\u00e3o preventiva digital para usar em aplicativo p\u00e1gina 01\" class=\"wp-image-22322 lazyload\" data-srcset=\"https:\/\/www.produttivo.com.br\/blog\/wp-content\/uploads\/2021\/12\/modelo-checklist-manutencao-preventiva-1-comprimido.jpg 900w, https:\/\/www.produttivo.com.br\/blog\/wp-content\/uploads\/2021\/12\/modelo-checklist-manutencao-preventiva-1-comprimido-208x300.jpg 208w, https:\/\/www.produttivo.com.br\/blog\/wp-content\/uploads\/2021\/12\/modelo-checklist-manutencao-preventiva-1-comprimido-710x1024.jpg 710w\" data-sizes=\"(max-width: 900px) 100vw, 900px\" src=\"data:image\/svg+xml;base64,PHN2ZyB3aWR0aD0iMSIgaGVpZ2h0PSIxIiB4bWxucz0iaHR0cDovL3d3dy53My5vcmcvMjAwMC9zdmciPjwvc3ZnPg==\" style=\"--smush-placeholder-width: 900px; --smush-placeholder-aspect-ratio: 900\/1298;\" \/><\/a><\/figure>\n\n\n\n<figure class=\"wp-block-image size-large\"><a href=\"https:\/\/www.produttivo.com.br\/modelo\/checklist-manutencao-preventiva\/?utm_source=blog&amp;utm_medium=organic&amp;utm_term=postEficienciaEnergetica&amp;utm_campaign=PostEficienciaEnergetica\" target=\"_blank\" rel=\"noopener\"><img decoding=\"async\" width=\"900\" height=\"1298\" data-id=\"22321\" data-src=\"https:\/\/www.produttivo.com.br\/blog\/wp-content\/uploads\/2021\/12\/modelo-checklist-manutencao-preventiva-2-comprimido.jpg\" alt=\"Modelo de checklist de manuten\u00e7\u00e3o preventiva digital para usar em aplicativo p\u00e1gina 02\" class=\"wp-image-22321 lazyload\" data-srcset=\"https:\/\/www.produttivo.com.br\/blog\/wp-content\/uploads\/2021\/12\/modelo-checklist-manutencao-preventiva-2-comprimido.jpg 900w, https:\/\/www.produttivo.com.br\/blog\/wp-content\/uploads\/2021\/12\/modelo-checklist-manutencao-preventiva-2-comprimido-208x300.jpg 208w, https:\/\/www.produttivo.com.br\/blog\/wp-content\/uploads\/2021\/12\/modelo-checklist-manutencao-preventiva-2-comprimido-710x1024.jpg 710w\" data-sizes=\"(max-width: 900px) 100vw, 900px\" src=\"data:image\/svg+xml;base64,PHN2ZyB3aWR0aD0iMSIgaGVpZ2h0PSIxIiB4bWxucz0iaHR0cDovL3d3dy53My5vcmcvMjAwMC9zdmciPjwvc3ZnPg==\" style=\"--smush-placeholder-width: 900px; --smush-placeholder-aspect-ratio: 900\/1298;\" \/><\/a><\/figure>\n\n\n\n<figure class=\"wp-block-image size-large\"><a href=\"https:\/\/www.produttivo.com.br\/modelo\/checklist-manutencao-preventiva\/?utm_source=blog&amp;utm_medium=organic&amp;utm_term=postEficienciaEnergetica&amp;utm_campaign=PostEficienciaEnergetica\" target=\"_blank\" rel=\"noopener\"><img decoding=\"async\" width=\"900\" height=\"1298\" data-id=\"22320\" data-src=\"https:\/\/www.produttivo.com.br\/blog\/wp-content\/uploads\/2021\/12\/modelo-checklist-manutencao-preventiva-3-comprimido.jpg\" alt=\"Modelo de checklist de manuten\u00e7\u00e3o preventiva digital para usar em aplicativo p\u00e1gina 03\" class=\"wp-image-22320 lazyload\" data-srcset=\"https:\/\/www.produttivo.com.br\/blog\/wp-content\/uploads\/2021\/12\/modelo-checklist-manutencao-preventiva-3-comprimido.jpg 900w, https:\/\/www.produttivo.com.br\/blog\/wp-content\/uploads\/2021\/12\/modelo-checklist-manutencao-preventiva-3-comprimido-208x300.jpg 208w, https:\/\/www.produttivo.com.br\/blog\/wp-content\/uploads\/2021\/12\/modelo-checklist-manutencao-preventiva-3-comprimido-710x1024.jpg 710w\" data-sizes=\"(max-width: 900px) 100vw, 900px\" src=\"data:image\/svg+xml;base64,PHN2ZyB3aWR0aD0iMSIgaGVpZ2h0PSIxIiB4bWxucz0iaHR0cDovL3d3dy53My5vcmcvMjAwMC9zdmciPjwvc3ZnPg==\" style=\"--smush-placeholder-width: 900px; --smush-placeholder-aspect-ratio: 900\/1298;\" \/><\/a><\/figure>\n<\/figure>\n\n\n\n<p>Todos os <a href=\"https:\/\/www.produttivo.com.br\/modelo\/?utm_source=blog&amp;utm_medium=organic&amp;utm_term=postEficienciaEnergetica&amp;utm_campaign=PostEficienciaEnergetica\" target=\"_blank\" data-type=\"URL\" data-id=\"https:\/\/www.produttivo.com.br\/modelo\/?utm_source=blog&amp;utm_medium=organic&amp;utm_term=postEficienciaEnergetica&amp;utm_campaign=PostEficienciaEnergetica\" rel=\"noreferrer noopener\">modelos do Produttivo<\/a> s\u00e3o totalmente digitais: do <a href=\"https:\/\/www.produttivo.com.br\/blog\/pcm-planejamento-controle-da-manutencao\/\" target=\"_blank\" rel=\"noreferrer noopener\">planejamento<\/a> ao preenchimento, todas as etapas s\u00e3o realizadas pelo painel web ou pelo celular do t\u00e9cnico durante o servi\u00e7o. Assim, n\u00e3o \u00e9 preciso imprimir e fazer c\u00f3pias de pap\u00e9is que ainda ficam sujeitos a rasuras e perdas.<\/p>\n\n\n\n<p>O Produttivo ainda conta com outros modelos prontos voltados para o segmento de servi\u00e7os el\u00e9tricos, como o <a href=\"https:\/\/www.produttivo.com.br\/modelo\/checklist-nr-10\/?utm_source=blog&amp;utm_medium=organic&amp;utm_term=postEficienciaEnergetica&amp;utm_campaign=PostEficienciaEnergetica\" target=\"_blank\" data-type=\"URL\" data-id=\"https:\/\/www.produttivo.com.br\/modelo\/checklist-nr-10\/?utm_source=blog&amp;utm_medium=organic&amp;utm_term=postEficienciaEnergetica&amp;utm_campaign=PostEficienciaEnergetica\" rel=\"noreferrer noopener\">Checklist NR 10<\/a>, que \u00e9 ideal para verificar as condi\u00e7\u00f5es de seguran\u00e7a em instala\u00e7\u00f5es el\u00e9tricas:<\/p>\n\n\n\n<figure class=\"wp-block-gallery has-nested-images columns-default is-cropped wp-block-gallery-2 is-layout-flex wp-block-gallery-is-layout-flex\">\n<figure class=\"wp-block-image size-large\"><a href=\"https:\/\/www.produttivo.com.br\/modelo\/checklist-nr-10\/?utm_source=blog&amp;utm_medium=organic&amp;utm_term=postEficienciaEnergetica&amp;utm_campaign=PostEficienciaEnergetica\" target=\"_blank\" rel=\"noopener\"><img decoding=\"async\" width=\"900\" height=\"1274\" data-id=\"22275\" data-src=\"https:\/\/www.produttivo.com.br\/blog\/wp-content\/uploads\/2023\/05\/checklist-nr10-1-comprimido.jpg\" alt=\"Modelo de checklist nr 10 digital para usar dentro do sistema do Produttivo p\u00e1gina 01\" class=\"wp-image-22275 lazyload\" data-srcset=\"https:\/\/www.produttivo.com.br\/blog\/wp-content\/uploads\/2023\/05\/checklist-nr10-1-comprimido.jpg 900w, https:\/\/www.produttivo.com.br\/blog\/wp-content\/uploads\/2023\/05\/checklist-nr10-1-comprimido-212x300.jpg 212w, https:\/\/www.produttivo.com.br\/blog\/wp-content\/uploads\/2023\/05\/checklist-nr10-1-comprimido-723x1024.jpg 723w\" data-sizes=\"(max-width: 900px) 100vw, 900px\" src=\"data:image\/svg+xml;base64,PHN2ZyB3aWR0aD0iMSIgaGVpZ2h0PSIxIiB4bWxucz0iaHR0cDovL3d3dy53My5vcmcvMjAwMC9zdmciPjwvc3ZnPg==\" style=\"--smush-placeholder-width: 900px; --smush-placeholder-aspect-ratio: 900\/1274;\" \/><\/a><\/figure>\n\n\n\n<figure class=\"wp-block-image size-large\"><a href=\"https:\/\/www.produttivo.com.br\/modelo\/checklist-nr-10\/?utm_source=blog&amp;utm_medium=organic&amp;utm_term=postEficienciaEnergetica&amp;utm_campaign=PostEficienciaEnergetica\" target=\"_blank\" rel=\"noopener\"><img decoding=\"async\" width=\"900\" height=\"1274\" data-id=\"22277\" data-src=\"https:\/\/www.produttivo.com.br\/blog\/wp-content\/uploads\/2023\/05\/checklist-nr10-2-comprimido.webp\" alt=\"Modelo de checklist nr 10 digital para usar dentro do sistema do Produttivo p\u00e1gina 02\" class=\"wp-image-22277 lazyload\" data-srcset=\"https:\/\/www.produttivo.com.br\/blog\/wp-content\/uploads\/2023\/05\/checklist-nr10-2-comprimido.webp 900w, https:\/\/www.produttivo.com.br\/blog\/wp-content\/uploads\/2023\/05\/checklist-nr10-2-comprimido-212x300.webp 212w, https:\/\/www.produttivo.com.br\/blog\/wp-content\/uploads\/2023\/05\/checklist-nr10-2-comprimido-723x1024.webp 723w\" data-sizes=\"(max-width: 900px) 100vw, 900px\" src=\"data:image\/svg+xml;base64,PHN2ZyB3aWR0aD0iMSIgaGVpZ2h0PSIxIiB4bWxucz0iaHR0cDovL3d3dy53My5vcmcvMjAwMC9zdmciPjwvc3ZnPg==\" style=\"--smush-placeholder-width: 900px; --smush-placeholder-aspect-ratio: 900\/1274;\" \/><\/a><\/figure>\n\n\n\n<figure class=\"wp-block-image size-large\"><a href=\"https:\/\/www.produttivo.com.br\/modelo\/checklist-nr-10\/?utm_source=blog&amp;utm_medium=organic&amp;utm_term=postEficienciaEnergetica&amp;utm_campaign=PostEficienciaEnergetica\" target=\"_blank\" rel=\"noopener\"><img decoding=\"async\" width=\"900\" height=\"1274\" data-id=\"22276\" data-src=\"https:\/\/www.produttivo.com.br\/blog\/wp-content\/uploads\/2023\/05\/checklist-nr10-3-comprimido.webp\" alt=\"Modelo de checklist nr 10 digital para usar dentro do sistema do Produttivo p\u00e1gina 03\" class=\"wp-image-22276 lazyload\" data-srcset=\"https:\/\/www.produttivo.com.br\/blog\/wp-content\/uploads\/2023\/05\/checklist-nr10-3-comprimido.webp 900w, https:\/\/www.produttivo.com.br\/blog\/wp-content\/uploads\/2023\/05\/checklist-nr10-3-comprimido-212x300.webp 212w, https:\/\/www.produttivo.com.br\/blog\/wp-content\/uploads\/2023\/05\/checklist-nr10-3-comprimido-723x1024.webp 723w\" data-sizes=\"(max-width: 900px) 100vw, 900px\" src=\"data:image\/svg+xml;base64,PHN2ZyB3aWR0aD0iMSIgaGVpZ2h0PSIxIiB4bWxucz0iaHR0cDovL3d3dy53My5vcmcvMjAwMC9zdmciPjwvc3ZnPg==\" style=\"--smush-placeholder-width: 900px; --smush-placeholder-aspect-ratio: 900\/1274;\" \/><\/a><\/figure>\n<\/figure>\n\n\n\n<figure class=\"wp-block-gallery has-nested-images columns-default is-cropped wp-block-gallery-3 is-layout-flex wp-block-gallery-is-layout-flex\">\n<figure class=\"wp-block-image size-large\"><a href=\"https:\/\/www.produttivo.com.br\/modelo\/checklist-nr-10\/?utm_source=blog&amp;utm_medium=organic&amp;utm_term=postEficienciaEnergetica&amp;utm_campaign=PostEficienciaEnergetica\" target=\"_blank\" rel=\"noopener\"><img decoding=\"async\" width=\"900\" height=\"1274\" data-id=\"22279\" data-src=\"https:\/\/www.produttivo.com.br\/blog\/wp-content\/uploads\/2023\/05\/checklist-nr10-4-comprimido.webp\" alt=\"Modelo de checklist nr 10 digital para usar dentro do sistema do Produttivo p\u00e1gina 04\" class=\"wp-image-22279 lazyload\" data-srcset=\"https:\/\/www.produttivo.com.br\/blog\/wp-content\/uploads\/2023\/05\/checklist-nr10-4-comprimido.webp 900w, https:\/\/www.produttivo.com.br\/blog\/wp-content\/uploads\/2023\/05\/checklist-nr10-4-comprimido-212x300.webp 212w, https:\/\/www.produttivo.com.br\/blog\/wp-content\/uploads\/2023\/05\/checklist-nr10-4-comprimido-723x1024.webp 723w\" data-sizes=\"(max-width: 900px) 100vw, 900px\" src=\"data:image\/svg+xml;base64,PHN2ZyB3aWR0aD0iMSIgaGVpZ2h0PSIxIiB4bWxucz0iaHR0cDovL3d3dy53My5vcmcvMjAwMC9zdmciPjwvc3ZnPg==\" style=\"--smush-placeholder-width: 900px; --smush-placeholder-aspect-ratio: 900\/1274;\" \/><\/a><\/figure>\n\n\n\n<figure class=\"wp-block-image size-large\"><a href=\"https:\/\/www.produttivo.com.br\/modelo\/checklist-nr-10\/?utm_source=blog&amp;utm_medium=organic&amp;utm_term=postEficienciaEnergetica&amp;utm_campaign=PostEficienciaEnergetica\" target=\"_blank\" rel=\"noopener\"><img decoding=\"async\" width=\"900\" height=\"1274\" data-id=\"22278\" data-src=\"https:\/\/www.produttivo.com.br\/blog\/wp-content\/uploads\/2023\/05\/checklist-nr10-5-comprimido.webp\" alt=\"Modelo de checklist nr 10 digital para usar dentro do sistema do Produttivo p\u00e1gina 05\" class=\"wp-image-22278 lazyload\" data-srcset=\"https:\/\/www.produttivo.com.br\/blog\/wp-content\/uploads\/2023\/05\/checklist-nr10-5-comprimido.webp 900w, https:\/\/www.produttivo.com.br\/blog\/wp-content\/uploads\/2023\/05\/checklist-nr10-5-comprimido-212x300.webp 212w, https:\/\/www.produttivo.com.br\/blog\/wp-content\/uploads\/2023\/05\/checklist-nr10-5-comprimido-723x1024.webp 723w\" data-sizes=\"(max-width: 900px) 100vw, 900px\" src=\"data:image\/svg+xml;base64,PHN2ZyB3aWR0aD0iMSIgaGVpZ2h0PSIxIiB4bWxucz0iaHR0cDovL3d3dy53My5vcmcvMjAwMC9zdmciPjwvc3ZnPg==\" style=\"--smush-placeholder-width: 900px; --smush-placeholder-aspect-ratio: 900\/1274;\" \/><\/a><\/figure>\n\n\n\n<figure class=\"wp-block-image size-large\"><a href=\"https:\/\/www.produttivo.com.br\/modelo\/checklist-nr-10\/?utm_source=blog&amp;utm_medium=organic&amp;utm_term=postEficienciaEnergetica&amp;utm_campaign=PostEficienciaEnergetica\" target=\"_blank\" rel=\"noopener\"><img decoding=\"async\" width=\"900\" height=\"1274\" data-id=\"22280\" data-src=\"https:\/\/www.produttivo.com.br\/blog\/wp-content\/uploads\/2023\/05\/checklist-nr10-6-comprimido.jpg\" alt=\"Modelo de checklist nr 10 digital para usar dentro do sistema do Produttivo p\u00e1gina 06\" class=\"wp-image-22280 lazyload\" data-srcset=\"https:\/\/www.produttivo.com.br\/blog\/wp-content\/uploads\/2023\/05\/checklist-nr10-6-comprimido.jpg 900w, https:\/\/www.produttivo.com.br\/blog\/wp-content\/uploads\/2023\/05\/checklist-nr10-6-comprimido-212x300.jpg 212w, https:\/\/www.produttivo.com.br\/blog\/wp-content\/uploads\/2023\/05\/checklist-nr10-6-comprimido-723x1024.jpg 723w\" data-sizes=\"(max-width: 900px) 100vw, 900px\" src=\"data:image\/svg+xml;base64,PHN2ZyB3aWR0aD0iMSIgaGVpZ2h0PSIxIiB4bWxucz0iaHR0cDovL3d3dy53My5vcmcvMjAwMC9zdmciPjwvc3ZnPg==\" style=\"--smush-placeholder-width: 900px; --smush-placeholder-aspect-ratio: 900\/1274;\" \/><\/a><\/figure>\n<\/figure>\n\n\n\n<p>Outra op\u00e7\u00e3o \u00e9 o <a href=\"https:\/\/www.produttivo.com.br\/modelo\/laudo-tecnico-eletrico\/?utm_source=blog&amp;utm_medium=organic&amp;utm_term=postEficienciaEnergetica&amp;utm_campaign=PostEficienciaEnergetica\" target=\"_blank\" data-type=\"URL\" data-id=\"https:\/\/www.produttivo.com.br\/modelo\/laudo-tecnico-eletrico\/?utm_source=blog&amp;utm_medium=organic&amp;utm_term=postEficienciaEnergetica&amp;utm_campaign=PostEficienciaEnergetica\" rel=\"noreferrer noopener\">Laudo T\u00e9cnico El\u00e9trico<\/a>, veja s\u00f3:<\/p>\n\n\n\n<figure class=\"wp-block-gallery has-nested-images columns-default is-cropped wp-block-gallery-4 is-layout-flex wp-block-gallery-is-layout-flex\">\n<figure class=\"wp-block-image size-large\"><a href=\"https:\/\/www.produttivo.com.br\/modelo\/laudo-tecnico-eletrico\/?utm_source=blog&amp;utm_medium=organic&amp;utm_term=postEficienciaEnergetica&amp;utm_campaign=PostEficienciaEnergetica\" target=\"_blank\" rel=\"noopener\"><img decoding=\"async\" width=\"1845\" height=\"2560\" data-id=\"24430\" data-src=\"https:\/\/www.produttivo.com.br\/blog\/wp-content\/uploads\/2023\/12\/Exemplo-de-modelo-de-Laudo-Tecnico-Eletrico-NR10-01-scaled.jpg\" alt=\"Modelo de laudo NR10 pronto para usar no sistema do Produttivo\" class=\"wp-image-24430 lazyload\" data-srcset=\"https:\/\/www.produttivo.com.br\/blog\/wp-content\/uploads\/2023\/12\/Exemplo-de-modelo-de-Laudo-Tecnico-Eletrico-NR10-01-scaled.jpg 1845w, https:\/\/www.produttivo.com.br\/blog\/wp-content\/uploads\/2023\/12\/Exemplo-de-modelo-de-Laudo-Tecnico-Eletrico-NR10-01-216x300.jpg 216w, https:\/\/www.produttivo.com.br\/blog\/wp-content\/uploads\/2023\/12\/Exemplo-de-modelo-de-Laudo-Tecnico-Eletrico-NR10-01-738x1024.jpg 738w, https:\/\/www.produttivo.com.br\/blog\/wp-content\/uploads\/2023\/12\/Exemplo-de-modelo-de-Laudo-Tecnico-Eletrico-NR10-01-1107x1536.jpg 1107w, https:\/\/www.produttivo.com.br\/blog\/wp-content\/uploads\/2023\/12\/Exemplo-de-modelo-de-Laudo-Tecnico-Eletrico-NR10-01-1476x2048.jpg 1476w\" data-sizes=\"(max-width: 1845px) 100vw, 1845px\" src=\"data:image\/svg+xml;base64,PHN2ZyB3aWR0aD0iMSIgaGVpZ2h0PSIxIiB4bWxucz0iaHR0cDovL3d3dy53My5vcmcvMjAwMC9zdmciPjwvc3ZnPg==\" style=\"--smush-placeholder-width: 1845px; --smush-placeholder-aspect-ratio: 1845\/2560;\" \/><\/a><\/figure>\n\n\n\n<figure class=\"wp-block-image size-large\"><a href=\"https:\/\/www.produttivo.com.br\/modelo\/laudo-tecnico-eletrico\/?utm_source=blog&amp;utm_medium=organic&amp;utm_term=postEficienciaEnergetica&amp;utm_campaign=PostEficienciaEnergetica\" target=\"_blank\" rel=\"noopener\"><img decoding=\"async\" width=\"1845\" height=\"2560\" data-id=\"24431\" data-src=\"https:\/\/www.produttivo.com.br\/blog\/wp-content\/uploads\/2023\/12\/Exemplo-de-modelo-de-Laudo-Tecnico-Eletrico-NR10-02-scaled.jpg\" alt=\"Modelo de laudo NR10 pronto para usar no sistema do Produttivo\" class=\"wp-image-24431 lazyload\" data-srcset=\"https:\/\/www.produttivo.com.br\/blog\/wp-content\/uploads\/2023\/12\/Exemplo-de-modelo-de-Laudo-Tecnico-Eletrico-NR10-02-scaled.jpg 1845w, https:\/\/www.produttivo.com.br\/blog\/wp-content\/uploads\/2023\/12\/Exemplo-de-modelo-de-Laudo-Tecnico-Eletrico-NR10-02-216x300.jpg 216w, https:\/\/www.produttivo.com.br\/blog\/wp-content\/uploads\/2023\/12\/Exemplo-de-modelo-de-Laudo-Tecnico-Eletrico-NR10-02-738x1024.jpg 738w, https:\/\/www.produttivo.com.br\/blog\/wp-content\/uploads\/2023\/12\/Exemplo-de-modelo-de-Laudo-Tecnico-Eletrico-NR10-02-1107x1536.jpg 1107w, https:\/\/www.produttivo.com.br\/blog\/wp-content\/uploads\/2023\/12\/Exemplo-de-modelo-de-Laudo-Tecnico-Eletrico-NR10-02-1476x2048.jpg 1476w\" data-sizes=\"(max-width: 1845px) 100vw, 1845px\" src=\"data:image\/svg+xml;base64,PHN2ZyB3aWR0aD0iMSIgaGVpZ2h0PSIxIiB4bWxucz0iaHR0cDovL3d3dy53My5vcmcvMjAwMC9zdmciPjwvc3ZnPg==\" style=\"--smush-placeholder-width: 1845px; --smush-placeholder-aspect-ratio: 1845\/2560;\" \/><\/a><\/figure>\n<\/figure>\n\n\n\n<p>Dentro do sistema Produttivo, voc\u00ea pode usar modelos prontos ou criar seu pr\u00f3prio formul\u00e1rio totalmente personalizado. Ah, e tamb\u00e9m \u00e9 poss\u00edvel customizar com as cores e logo da sua empresa.<\/p>\n\n\n\n<p>Fa\u00e7a um <a href=\"https:\/\/www.produttivo.com.br\/cadastro\/?utm_source=blog&amp;utm_medium=organic&amp;utm_term=postEficienciaEnergetica&amp;utm_campaign=PostEficienciaEnergetica\" target=\"_blank\" data-type=\"URL\" data-id=\"https:\/\/www.produttivo.com.br\/cadastro\/?utm_source=blog&amp;utm_medium=organic&amp;utm_term=postEficienciaEnergetica&amp;utm_campaign=PostEficienciaEnergetica\" rel=\"noreferrer noopener\">teste gr\u00e1tis<\/a> e experimente os relat\u00f3rios digitais agora mesmo!<\/p>\n\n\n\n<p>O Produttivo tamb\u00e9m oferece outros recursos para o planejamento, execu\u00e7\u00e3o e comprova\u00e7\u00e3o dos servi\u00e7os, como o <a href=\"https:\/\/www.produttivo.com.br\/plano-de-manutencao-servicos\/?utm_source=blog&amp;utm_medium=organic&amp;utm_term=postEficienciaEnergetica&amp;utm_campaign=PostEficienciaEnergetica\" target=\"_blank\" data-type=\"URL\" data-id=\"https:\/\/www.produttivo.com.br\/plano-de-manutencao-servicos\/?utm_source=blog&amp;utm_medium=organic&amp;utm_term=postEficienciaEnergetica&amp;utm_campaign=PostEficienciaEnergetica\" rel=\"noreferrer noopener\">Plano de manuten\u00e7\u00e3o autom\u00e1tico<\/a>. Com ele, os <a href=\"https:\/\/www.produttivo.com.br\/blog\/agendamento-de-servicos\/\" target=\"_blank\" rel=\"noreferrer noopener\">servi\u00e7os s\u00e3o agendados com anteced\u00eancia<\/a>, gerando alertas e evitando o esquecimento. Ideal para criar seu pr\u00f3prio <a href=\"https:\/\/www.produttivo.com.br\/blog\/excel-plano-de-manutencao-preventiva-em-apenas-2-passos\/\" target=\"_blank\" rel=\"noreferrer noopener\">plano de manuten\u00e7\u00e3o preventiva<\/a>!<\/p>\n\n\n\n<figure class=\"wp-block-image size-large\"><a href=\"https:\/\/www.produttivo.com.br\/plano-de-manutencao-servicos\/?utm_source=blog&amp;utm_medium=organic&amp;utm_term=postEficienciaEnergetica&amp;utm_campaign=PostEficienciaEnergetica\" target=\"_blank\" rel=\"noopener\"><img decoding=\"async\" width=\"1024\" height=\"846\" data-src=\"https:\/\/www.produttivo.com.br\/blog\/wp-content\/uploads\/2023\/08\/Exemplo-de-como-funciona-a-criacao-de-planos-de-manutencao-automaticos-e-digitais-no-Produttivo-1024x846.jpg\" alt=\"Exemplo de como funciona a cria\u00e7\u00e3o de planos de manuten\u00e7\u00e3o autom\u00e1ticos e digitais no Produttivo\" class=\"wp-image-23359 lazyload\" data-srcset=\"https:\/\/www.produttivo.com.br\/blog\/wp-content\/uploads\/2023\/08\/Exemplo-de-como-funciona-a-criacao-de-planos-de-manutencao-automaticos-e-digitais-no-Produttivo-1024x846.jpg 1024w, https:\/\/www.produttivo.com.br\/blog\/wp-content\/uploads\/2023\/08\/Exemplo-de-como-funciona-a-criacao-de-planos-de-manutencao-automaticos-e-digitais-no-Produttivo-300x248.jpg 300w, https:\/\/www.produttivo.com.br\/blog\/wp-content\/uploads\/2023\/08\/Exemplo-de-como-funciona-a-criacao-de-planos-de-manutencao-automaticos-e-digitais-no-Produttivo.jpg 1493w\" data-sizes=\"(max-width: 1024px) 100vw, 1024px\" src=\"data:image\/svg+xml;base64,PHN2ZyB3aWR0aD0iMSIgaGVpZ2h0PSIxIiB4bWxucz0iaHR0cDovL3d3dy53My5vcmcvMjAwMC9zdmciPjwvc3ZnPg==\" style=\"--smush-placeholder-width: 1024px; --smush-placeholder-aspect-ratio: 1024\/846;\" \/><\/a><\/figure>\n\n\n\n<p>J\u00e1 a <a href=\"https:\/\/www.produttivo.com.br\/sistema-abertura-de-chamados\/?utm_source=blog&amp;utm_medium=organic&amp;utm_term=postEficienciaEnergetica&amp;utm_campaign=PostEficienciaEnergetica\" target=\"_blank\" data-type=\"URL\" data-id=\"https:\/\/www.produttivo.com.br\/sistema-abertura-de-chamados\/?utm_source=blog&amp;utm_medium=organic&amp;utm_term=postEficienciaEnergetica&amp;utm_campaign=PostEficienciaEnergetica\" rel=\"noreferrer noopener\">p\u00e1gina de abertura de chamados<\/a> \u00e9 perfeita para empresas que recebem <a href=\"https:\/\/www.produttivo.com.br\/blog\/solicitacao-de-servico\/\" target=\"_blank\" rel=\"noreferrer noopener\">solicita\u00e7\u00f5es de clientes.<\/a> A partir de um link exclusivo ou <a href=\"https:\/\/www.produttivo.com.br\/blog\/qr-code-o-que-e\/\" target=\"_blank\" rel=\"noreferrer noopener\">QR Code<\/a> anexado ao equipamento, o cliente abre o chamado, que \u00e9 enviado ao gestor na hora.<\/p>\n\n\n\n<figure class=\"wp-block-image size-large\"><a href=\"https:\/\/www.produttivo.com.br\/sistema-abertura-de-chamados\/?utm_source=blog&amp;utm_medium=organic&amp;utm_term=postEficienciaEnergetica&amp;utm_campaign=PostEficienciaEnergetica\" target=\"_blank\" rel=\"noopener\"><img decoding=\"async\" width=\"1024\" height=\"807\" data-src=\"https:\/\/www.produttivo.com.br\/blog\/wp-content\/uploads\/2023\/11\/Exemplos-de-pagina-de-abertura-de-chamados-personalizada-no-sistema-de-chamados-do-Produttivo-1024x807.png\" alt=\"Exemplo 02 de como a p\u00e1gina de abertura de chamados do Produttivo pode ser personalizada\" class=\"wp-image-24128 lazyload\" data-srcset=\"https:\/\/www.produttivo.com.br\/blog\/wp-content\/uploads\/2023\/11\/Exemplos-de-pagina-de-abertura-de-chamados-personalizada-no-sistema-de-chamados-do-Produttivo-1024x807.png 1024w, https:\/\/www.produttivo.com.br\/blog\/wp-content\/uploads\/2023\/11\/Exemplos-de-pagina-de-abertura-de-chamados-personalizada-no-sistema-de-chamados-do-Produttivo-300x237.png 300w, https:\/\/www.produttivo.com.br\/blog\/wp-content\/uploads\/2023\/11\/Exemplos-de-pagina-de-abertura-de-chamados-personalizada-no-sistema-de-chamados-do-Produttivo.png 1116w\" data-sizes=\"(max-width: 1024px) 100vw, 1024px\" src=\"data:image\/svg+xml;base64,PHN2ZyB3aWR0aD0iMSIgaGVpZ2h0PSIxIiB4bWxucz0iaHR0cDovL3d3dy53My5vcmcvMjAwMC9zdmciPjwvc3ZnPg==\" style=\"--smush-placeholder-width: 1024px; --smush-placeholder-aspect-ratio: 1024\/807;\" \/><\/a><\/figure>\n\n\n\n<p>Atrav\u00e9s do painel web, o gestor pode direcionar o chamado para o t\u00e9cnico e acompanhar o <em>status <\/em>de todos os servi\u00e7os, inclusive os que est\u00e3o em andamento ou pendentes.<\/p>\n\n\n\n<p>Voc\u00ea pode testar todos esses recursos agora mesmo, \u00e9 s\u00f3 <a href=\"https:\/\/www.produttivo.com.br\/cadastro\/?utm_source=blog&amp;utm_medium=organic&amp;utm_term=postEficienciaEnergetica&amp;utm_campaign=PostEficienciaEnergetica\" target=\"_blank\" data-type=\"URL\" data-id=\"https:\/\/www.produttivo.com.br\/cadastro\/?utm_source=blog&amp;utm_medium=organic&amp;utm_term=postEficienciaEnergetica&amp;utm_campaign=PostEficienciaEnergetica\" rel=\"noreferrer noopener\">fazer o cadastro<\/a> e come\u00e7ar a usar o sistema com todas as funcionalidades liberadas durante o per\u00edodo de teste.<\/p>\n","protected":false},"excerpt":{"rendered":"<p>A efici\u00eancia energ\u00e9tica busca reduzir o gasto de energia, permitindo que os aparelhos operem com a mesma capacidade, mas com [&hellip;]<\/p>\n","protected":false},"author":11,"featured_media":25069,"comment_status":"open","ping_status":"open","sticky":false,"template":"","format":"standard","meta":{"_uag_custom_page_level_css":"","_monsterinsights_skip_tracking":false,"_monsterinsights_sitenote_active":false,"_monsterinsights_sitenote_note":"","_monsterinsights_sitenote_category":0,"site-sidebar-layout":"default","site-content-layout":"","ast-site-content-layout":"default","site-content-style":"default","site-sidebar-style":"default","ast-global-header-display":"","ast-banner-title-visibility":"","ast-main-header-display":"","ast-hfb-above-header-display":"","ast-hfb-below-header-display":"","ast-hfb-mobile-header-display":"","site-post-title":"","ast-breadcrumbs-content":"","ast-featured-img":"","footer-sml-layout":"","ast-disable-related-posts":"","theme-transparent-header-meta":"","adv-header-id-meta":"","stick-header-meta":"","header-above-stick-meta":"","header-main-stick-meta":"","header-below-stick-meta":"","astra-migrate-meta-layouts":"default","ast-page-background-enabled":"default","ast-page-background-meta":{"desktop":{"background-color":"var(--ast-global-color-4)","background-image":"","background-repeat":"repeat","background-position":"center center","background-size":"auto","background-attachment":"scroll","background-type":"","background-media":"","overlay-type":"","overlay-color":"","overlay-opacity":"","overlay-gradient":""},"tablet":{"background-color":"","background-image":"","background-repeat":"repeat","background-position":"center center","background-size":"auto","background-attachment":"scroll","background-type":"","background-media":"","overlay-type":"","overlay-color":"","overlay-opacity":"","overlay-gradient":""},"mobile":{"background-color":"","background-image":"","background-repeat":"repeat","background-position":"center center","background-size":"auto","background-attachment":"scroll","background-type":"","background-media":"","overlay-type":"","overlay-color":"","overlay-opacity":"","overlay-gradient":""}},"ast-content-background-meta":{"desktop":{"background-color":"var(--ast-global-color-5)","background-image":"","background-repeat":"repeat","background-position":"center center","background-size":"auto","background-attachment":"scroll","background-type":"","background-media":"","overlay-type":"","overlay-color":"","overlay-opacity":"","overlay-gradient":""},"tablet":{"background-color":"var(--ast-global-color-5)","background-image":"","background-repeat":"repeat","background-position":"center center","background-size":"auto","background-attachment":"scroll","background-type":"","background-media":"","overlay-type":"","overlay-color":"","overlay-opacity":"","overlay-gradient":""},"mobile":{"background-color":"var(--ast-global-color-5)","background-image":"","background-repeat":"repeat","background-position":"center center","background-size":"auto","background-attachment":"scroll","background-type":"","background-media":"","overlay-type":"","overlay-color":"","overlay-opacity":"","overlay-gradient":""}},"footnotes":""},"categories":[565],"tags":[],"class_list":["post-9291","post","type-post","status-publish","format-standard","has-post-thumbnail","hentry","category-manutencao"],"uagb_featured_image_src":{"full":["https:\/\/www.produttivo.com.br\/blog\/wp-content\/uploads\/2022\/09\/Shutterstock_788807767-1.jpg",900,600,false],"thumbnail":["https:\/\/www.produttivo.com.br\/blog\/wp-content\/uploads\/2022\/09\/Shutterstock_788807767-1-150x150.jpg",150,150,true],"medium":["https:\/\/www.produttivo.com.br\/blog\/wp-content\/uploads\/2022\/09\/Shutterstock_788807767-1-300x200.jpg",300,200,true],"medium_large":["https:\/\/www.produttivo.com.br\/blog\/wp-content\/uploads\/2022\/09\/Shutterstock_788807767-1.jpg",900,600,false],"large":["https:\/\/www.produttivo.com.br\/blog\/wp-content\/uploads\/2022\/09\/Shutterstock_788807767-1.jpg",900,600,false],"1536x1536":["https:\/\/www.produttivo.com.br\/blog\/wp-content\/uploads\/2022\/09\/Shutterstock_788807767-1.jpg",900,600,false],"2048x2048":["https:\/\/www.produttivo.com.br\/blog\/wp-content\/uploads\/2022\/09\/Shutterstock_788807767-1.jpg",900,600,false]},"uagb_author_info":{"display_name":"Lu\u00edsa de C\u00e1ssia","author_link":"https:\/\/www.produttivo.com.br\/blog\/author\/luisa-silva\/"},"uagb_comment_info":3,"uagb_excerpt":"A efici\u00eancia energ\u00e9tica busca reduzir o gasto de energia, permitindo que os aparelhos operem com a mesma capacidade, mas com [&hellip;]","_links":{"self":[{"href":"https:\/\/www.produttivo.com.br\/blog\/wp-json\/wp\/v2\/posts\/9291","targetHints":{"allow":["GET"]}}],"collection":[{"href":"https:\/\/www.produttivo.com.br\/blog\/wp-json\/wp\/v2\/posts"}],"about":[{"href":"https:\/\/www.produttivo.com.br\/blog\/wp-json\/wp\/v2\/types\/post"}],"author":[{"embeddable":true,"href":"https:\/\/www.produttivo.com.br\/blog\/wp-json\/wp\/v2\/users\/11"}],"replies":[{"embeddable":true,"href":"https:\/\/www.produttivo.com.br\/blog\/wp-json\/wp\/v2\/comments?post=9291"}],"version-history":[{"count":8,"href":"https:\/\/www.produttivo.com.br\/blog\/wp-json\/wp\/v2\/posts\/9291\/revisions"}],"predecessor-version":[{"id":25084,"href":"https:\/\/www.produttivo.com.br\/blog\/wp-json\/wp\/v2\/posts\/9291\/revisions\/25084"}],"wp:featuredmedia":[{"embeddable":true,"href":"https:\/\/www.produttivo.com.br\/blog\/wp-json\/wp\/v2\/media\/25069"}],"wp:attachment":[{"href":"https:\/\/www.produttivo.com.br\/blog\/wp-json\/wp\/v2\/media?parent=9291"}],"wp:term":[{"taxonomy":"category","embeddable":true,"href":"https:\/\/www.produttivo.com.br\/blog\/wp-json\/wp\/v2\/categories?post=9291"},{"taxonomy":"post_tag","embeddable":true,"href":"https:\/\/www.produttivo.com.br\/blog\/wp-json\/wp\/v2\/tags?post=9291"}],"curies":[{"name":"wp","href":"https:\/\/api.w.org\/{rel}","templated":true}]}}