{"id":25207,"date":"2024-05-16T08:00:00","date_gmt":"2024-05-16T11:00:00","guid":{"rendered":"https:\/\/www.produttivo.com.br\/blog\/?p=25207"},"modified":"2026-03-13T15:30:21","modified_gmt":"2026-03-13T18:30:21","slug":"laudo-de-ruido-ambiental","status":"publish","type":"post","link":"https:\/\/www.produttivo.com.br\/blog\/laudo-de-ruido-ambiental\/","title":{"rendered":"Laudo de ru\u00eddo ambiental: como fazer + modelo digital"},"content":{"rendered":"\n<p>O <strong>laudo de ru\u00eddo ambiental<\/strong> \u00e9 um documento t\u00e9cnico obrigat\u00f3rio que comprova se os n\u00edveis de som emitidos durante as atividades da empresa est\u00e3o dentro dos limites seguros para a sa\u00fade dos colaboradores. <\/p>\n\n\n\n<p>Ele \u00e9 uma ferramenta essencial dentro da <a href=\"https:\/\/www.produttivo.com.br\/blog\/seguranca-do-trabalho\/\" target=\"_blank\" rel=\"noreferrer noopener\">seguran\u00e7a do trabalho<\/a>, principalmente em ambientes industriais, oficinas e opera\u00e7\u00f5es com alto potencial de exposi\u00e7\u00e3o sonora.<\/p>\n\n\n\n<p>Al\u00e9m disso, o laudo tamb\u00e9m pode ser exigido para solicitar o <strong>adicional de insalubridade<\/strong>, nos casos em que os trabalhadores s\u00e3o expostos a ru\u00eddos acima do permitido pelas normas regulamentadoras.<\/p>\n\n\n\n<p>A seguir, voc\u00ea vai entender o que \u00e9 o laudo de ru\u00eddo ambiental, por que ele \u00e9 importante, como elabor\u00e1-lo corretamente e como \u00e9 poss\u00edvel automatizar esse processo com um modelo digital pronto para uso em aplicativo.<\/p>\n\n\n\n<p><strong>Veja tamb\u00e9m: <\/strong><a href=\"https:\/\/www.produttivo.com.br\/modelo\/?utm_source=blog&amp;utm_medium=organic&amp;utm_term=postLaudoDeRuidoAmbiental&amp;utm_campaign=PostLaudoDeRuidoAmbiental\" target=\"_blank\" data-type=\"URL\" data-id=\"https:\/\/www.produttivo.com.br\/modelo\/?utm_source=blog&amp;utm_medium=organic&amp;utm_term=postLaudoDeRuidoAmbiental&amp;utm_campaign=PostLaudoDeRuidoAmbiental\" rel=\"noreferrer noopener\"><strong>Modelos digitais de laudos, checklists e relat\u00f3rios de seguran\u00e7a do trabalho<\/strong><\/a><\/p>\n\n\n\n<p><\/p>\n\n\n\t\t\t\t<div class=\"wp-block-uagb-table-of-contents uagb-toc__align-left uagb-toc__columns-1  uagb-block-215a9168      \"\n\t\t\t\t\tdata-scroll= \"1\"\n\t\t\t\t\tdata-offset= \"30\"\n\t\t\t\t\tstyle=\"\"\n\t\t\t\t>\n\t\t\t\t<div class=\"uagb-toc__wrap\">\n\t\t\t\t\t\t<div class=\"uagb-toc__title\">\n\t\t\t\t\t\t\tVoc\u00ea vai ver:\t\t\t\t\t\t<\/div>\n\t\t\t\t\t\t\t\t\t\t\t\t\t\t\t\t\t\t\t\t\t\t<div class=\"uagb-toc__list-wrap \">\n\t\t\t\t\t\t<ol class=\"uagb-toc__list\"><li class=\"uagb-toc__list\"><a href=\"#o-que-\u00e9-o-laudo-de-ru\u00eddo-ambiental\" class=\"uagb-toc-link__trigger\">O que \u00e9 o laudo de ru\u00eddo ambiental?<\/a><li class=\"uagb-toc__list\"><a href=\"#qual-a-import\u00e2ncia-do-laudo-de-ru\u00eddo-ambiental\" class=\"uagb-toc-link__trigger\">Qual a import\u00e2ncia do laudo de ru\u00eddo ambiental?<\/a><li class=\"uagb-toc__list\"><a href=\"#qual-norma-fala-do-laudo-de-ru\u00eddo-ambiental\" class=\"uagb-toc-link__trigger\">Qual norma fala do laudo de ru\u00eddo ambiental?<\/a><li class=\"uagb-toc__list\"><a href=\"#quem-precisa-fazer-o-laudo-de-ru\u00eddo-ambiental\" class=\"uagb-toc-link__trigger\">Quem precisa fazer o laudo de ru\u00eddo ambiental?<\/a><li class=\"uagb-toc__list\"><a href=\"#quem-pode-assinar-o-laudo-de-ru\u00eddo-ambiental\" class=\"uagb-toc-link__trigger\">Quem pode assinar o laudo de ru\u00eddo ambiental?<\/a><li class=\"uagb-toc__list\"><a href=\"#qual-a-validade-do-laudo-de-ru\u00eddo-ambiental\" class=\"uagb-toc-link__trigger\">Qual a validade do laudo de ru\u00eddo ambiental?<\/a><li class=\"uagb-toc__list\"><a href=\"#quanto-custa-um-laudo-de-ru\u00eddo-ambiental\" class=\"uagb-toc-link__trigger\">Quanto custa um laudo de ru\u00eddo ambiental?<\/a><li class=\"uagb-toc__list\"><a href=\"#como-o-laudo-de-ru\u00eddo-ambiental-\u00e9-feito\" class=\"uagb-toc-link__trigger\">Como o laudo de ru\u00eddo ambiental \u00e9 feito?<\/a><li class=\"uagb-toc__list\"><a href=\"#qual-o-conte\u00fado-de-um-laudo-de-ru\u00eddo-ambiental\" class=\"uagb-toc-link__trigger\">Qual o conte\u00fado de um laudo de ru\u00eddo ambiental?<\/a><li class=\"uagb-toc__list\"><a href=\"#como-fazer-um-laudo-de-ru\u00eddo-ambiental-no-produttivo\" class=\"uagb-toc-link__trigger\">Como fazer um laudo de ru\u00eddo ambiental no Produttivo?<\/a><\/ol>\t\t\t\t\t<\/div>\n\t\t\t\t\t\t\t\t\t<\/div>\n\t\t\t\t<\/div>\n\t\t\t\n\n\n<p><\/p>\n\n\n\n<h2 class=\"wp-block-heading\">O que \u00e9 o laudo de ru\u00eddo ambiental?<\/h2>\n\n\n\n<p>O laudo de ru\u00eddo ambiental \u00e9 um <a href=\"https:\/\/www.produttivo.com.br\/blog\/laudo-tecnico-modelo-digital-dicas\/\" target=\"_blank\" rel=\"noreferrer noopener\">documento t\u00e9cnico<\/a> com o objetivo de avaliar e quantificar os n\u00edveis de ru\u00eddo em um determinado ambiente. \u00c9 muito utilizado para verificar e registrar que os n\u00edveis de ru\u00eddo est\u00e3o em conformidade com as <a href=\"https:\/\/www.produttivo.com.br\/blog\/normas-de-seguranca\/\" target=\"_blank\" rel=\"noreferrer noopener\">normas de seguran\u00e7a<\/a> do trabalho, garantindo a sa\u00fade e o bem-estar dos trabalhadores daquele espa\u00e7o.<\/p>\n\n\n\n<p>O laudo pode ser usado tanto para <a href=\"https:\/\/www.produttivo.com.br\/blog\/controle-de-ordem-de-servico\/\" target=\"_blank\" rel=\"noreferrer noopener\">controle<\/a>, comprovando que a empresa est\u00e1 operando dentro dos limites de toler\u00e2ncia de ru\u00eddo, quanto para acompanhamento, indicando que podem ser necess\u00e1rias <a href=\"https:\/\/www.produttivo.com.br\/blog\/manutencao-corretiva-boas-praticas\/\" target=\"_blank\" rel=\"noreferrer noopener\">a\u00e7\u00f5es corretivas<\/a>.<\/p>\n\n\n\n<p>Como o excesso de ru\u00eddo ambiental pode configurar <a href=\"https:\/\/www.produttivo.com.br\/blog\/insalubridade\/\" target=\"_blank\" rel=\"noreferrer noopener\">insalubridade<\/a>, \u00e9 importante que a empresa registre suas medi\u00e7\u00f5es e, se necess\u00e1rio, compartilhe-as com os colaboradores que precisam solicitar adicional e aposentadoria especial por exposi\u00e7\u00e3o aos ru\u00eddos.<\/p>\n\n\n\n<figure class=\"wp-block-image size-large\"><a href=\"https:\/\/materiais.produttivo.com.br\/kit-epi?utm_source=blog&amp;utm_medium=organic&amp;utm_term=postLaudoDeRuidoAmbiental&amp;utm_campaign=PostLaudoDeRuidoAmbiental\" target=\"_blank\" rel=\"noopener\"><img decoding=\"async\" width=\"1024\" height=\"535\" data-src=\"https:\/\/www.produttivo.com.br\/blog\/wp-content\/uploads\/2023\/07\/KIT-EPI-para-baixar-gratis-1024x535.jpg\" alt=\"Kit EPI com ficha e checklist de EPI, declara\u00e7\u00e3o de recebimento, cartilha informativa e cartaz pronta para baixar gratuitamente\" class=\"wp-image-22994 lazyload\" data-srcset=\"https:\/\/www.produttivo.com.br\/blog\/wp-content\/uploads\/2023\/07\/KIT-EPI-para-baixar-gratis-1024x535.jpg 1024w, https:\/\/www.produttivo.com.br\/blog\/wp-content\/uploads\/2023\/07\/KIT-EPI-para-baixar-gratis-300x157.jpg 300w, https:\/\/www.produttivo.com.br\/blog\/wp-content\/uploads\/2023\/07\/KIT-EPI-para-baixar-gratis.jpg 1200w\" data-sizes=\"(max-width: 1024px) 100vw, 1024px\" src=\"data:image\/svg+xml;base64,PHN2ZyB3aWR0aD0iMSIgaGVpZ2h0PSIxIiB4bWxucz0iaHR0cDovL3d3dy53My5vcmcvMjAwMC9zdmciPjwvc3ZnPg==\" style=\"--smush-placeholder-width: 1024px; --smush-placeholder-aspect-ratio: 1024\/535;\" \/><\/a><\/figure>\n\n\n\n<h3 class=\"wp-block-heading\">O que \u00e9 ru\u00eddo ambiental?<\/h3>\n\n\n\n<p>O ru\u00eddo ambiental, tamb\u00e9m conhecido como polui\u00e7\u00e3o sonora, \u00e9 o som indesejado ou excessivo que pode interferir no bem-estar e na sa\u00fade das pessoas. Esse tipo de ru\u00eddo \u00e9 originado de diversas fontes, tanto naturais quanto artificiais, e pode variar em intensidade, frequ\u00eancia e dura\u00e7\u00e3o.<\/p>\n\n\n\n<h2 class=\"wp-block-heading\">Qual a import\u00e2ncia do laudo de ru\u00eddo ambiental?<\/h2>\n\n\n\n<p>O laudo de ru\u00eddo ambiental \u00e9 essencial para controle dos ru\u00eddos emitidos, promovendo um ambiente mais saud\u00e1vel e seguro. Vamos entender melhor sua import\u00e2ncia:<\/p>\n\n\n\n<h3 class=\"wp-block-heading\">Seguran\u00e7a<\/h3>\n\n\n\n<p>Os ru\u00eddos ambientais est\u00e3o diretamente relacionados com a <a href=\"https:\/\/www.produttivo.com.br\/blog\/como-fazer-um-relatorio-de-seguranca-do-trabalho\/\" target=\"_blank\" rel=\"noreferrer noopener\">seguran\u00e7a do trabalho<\/a>, por isso seu controle \u00e9 essencial para o bem-estar dos colaboradores, al\u00e9m da seguran\u00e7a de modo geral.<\/p>\n\n\n\n<h3 class=\"wp-block-heading\">Sa\u00fade<\/h3>\n\n\n\n<p>O controle de ru\u00eddos ajuda a proteger a sa\u00fade auditiva e mental das pessoas expostas, prevenindo problemas como estresse, ins\u00f4nia, perda auditiva e outros efeitos negativos associados \u00e0 exposi\u00e7\u00e3o excessiva ao ru\u00eddo.<\/p>\n\n\n\n<p><strong>Leia tamb\u00e9m: <\/strong><a href=\"https:\/\/www.produttivo.com.br\/blog\/laudo-de-insalubridade\/\" target=\"_blank\" rel=\"noreferrer noopener\"><strong>Laudo de insalubridade: como fazer e modelo pronto para usar<\/strong><\/a><\/p>\n\n\n\n<h3 class=\"wp-block-heading\">Produtividade<\/h3>\n\n\n\n<p>Com menos ru\u00eddo no ambiente, a tend\u00eancia \u00e9 que os funcion\u00e1rios ganhem bem-estar e com isso melhorem sua produtividade. Funcion\u00e1rios que sofrem exposi\u00e7\u00e3o constante a altos n\u00edveis de ru\u00eddo est\u00e3o mais propensos a aus\u00eancias m\u00e9dicas e at\u00e9 rotatividade, o que prejudica a produtividade da empresa.<\/p>\n\n\n\n<h3 class=\"wp-block-heading\">Conhecimento sobre a empresa<\/h3>\n\n\n\n<p>Como o laudo de ru\u00eddo ambiental serve para registro dos ru\u00eddos emitidos pela empresa, ele pode ser usado como hist\u00f3rico, trazendo mais conhecimento sobre as opera\u00e7\u00f5es e apontando pontos de melhoria.<\/p>\n\n\n\n<h3 class=\"wp-block-heading\">Bom relacionamento com vizinhos<\/h3>\n\n\n\n<p>N\u00e3o s\u00f3 os trabalhadores que podem se incomodar com os ru\u00eddos: \u00e1reas vizinhas tamb\u00e9m podem ser prejudicadas pela polui\u00e7\u00e3o sonora. O laudo de ru\u00eddo ambiental, al\u00e9m de documentar a medi\u00e7\u00e3o, pode servir para mostrar que os limites est\u00e3o dentro da lei.<\/p>\n\n\n\n<h3 class=\"wp-block-heading\">Conformidade com normas<\/h3>\n\n\n\n<p>Outro benef\u00edcio do laudo de ru\u00eddo ambiental \u00e9 garantir que empreendimentos, ind\u00fastrias e atividades comerciais estejam em conformidade com as normas de controle de ru\u00eddo, evitando multas e san\u00e7\u00f5es.<\/p>\n\n\n\n<figure class=\"wp-block-embed is-type-video is-provider-youtube wp-block-embed-youtube wp-embed-aspect-16-9 wp-has-aspect-ratio\"><div class=\"wp-block-embed__wrapper\">\n<iframe title=\"Laudo de Insalubridade: Como elaborar do zero e entregar na hora (Sem Word)\" width=\"500\" height=\"281\" data-src=\"https:\/\/www.youtube.com\/embed\/hlOLwihTEVI?feature=oembed\" frameborder=\"0\" allow=\"accelerometer; autoplay; clipboard-write; encrypted-media; gyroscope; picture-in-picture; web-share\" referrerpolicy=\"strict-origin-when-cross-origin\" allowfullscreen src=\"data:image\/svg+xml;base64,PHN2ZyB3aWR0aD0iMSIgaGVpZ2h0PSIxIiB4bWxucz0iaHR0cDovL3d3dy53My5vcmcvMjAwMC9zdmciPjwvc3ZnPg==\" class=\"lazyload\" data-load-mode=\"1\"><\/iframe>\n<\/div><\/figure>\n\n\n\n<h2 class=\"wp-block-heading\">Qual norma fala do laudo de ru\u00eddo ambiental?<\/h2>\n\n\n\n<p>Existem tr\u00eas normas que falam sobre o laudo de ru\u00eddo ambiental, a ISO 9001, que \u00e9 internacional, a NBR 10.151, da Associa\u00e7\u00e3o Brasileira de Normas T\u00e9cnicas (ABNT), e a NR-15. Vamos conhecer mais sobre elas:<\/p>\n\n\n\n<h3 class=\"wp-block-heading\">ISO 9001<\/h3>\n\n\n\n<p>A <a href=\"https:\/\/www.produttivo.com.br\/blog\/iso-9001\/\" target=\"_blank\" rel=\"noreferrer noopener\">ISO 9001<\/a> \u00e9 uma normativa internacional adotada no Brasil que trata dos crit\u00e9rios para um sistema de <a href=\"https:\/\/www.produttivo.com.br\/blog\/gestao-da-qualidade-em-servicos\/\" target=\"_blank\" rel=\"noreferrer noopener\">gest\u00e3o da qualidade<\/a>, o que inclui as obriga\u00e7\u00f5es da empresa quanto \u00e0 conformidade de seus produtos e servi\u00e7os.<\/p>\n\n\n\n<p>Ela determina que um ambiente adequado para opera\u00e7\u00f5es deve levar em considera\u00e7\u00e3o fatores f\u00edsicos, o que inclui a exposi\u00e7\u00e3o a ru\u00eddos. Para que a empresa seja certificada, ela deve operar dentro dos limites de ru\u00eddo recomendados.<\/p>\n\n\n\n<h3 class=\"wp-block-heading\">NBR 10151<\/h3>\n\n\n\n<p>No Brasil, a norma que trata da <a href=\"https:\/\/www.produttivo.com.br\/blog\/analise-de-ruido\/\" target=\"_blank\" rel=\"noreferrer noopener\">avalia\u00e7\u00e3o de ru\u00eddos<\/a> em \u00e1reas habitadas \u00e9 a Norma Brasileira (NBR) 10151. Ela fornece diretrizes e procedimentos para medir e avaliar os n\u00edveis de ru\u00eddo em \u00e1reas externas e internas, determinando se est\u00e3o dentro dos limites aceit\u00e1veis para o conforto da popula\u00e7\u00e3o.<\/p>\n\n\n\n<h3 class=\"wp-block-heading\">NR-15<\/h3>\n\n\n\n<p>Por fim, a <a href=\"https:\/\/www.produttivo.com.br\/blog\/nr-15\/\" target=\"_blank\" rel=\"noreferrer noopener\">NR-15<\/a> \u00e9 uma das normas regulamentadoras do Governo Federal que determina os limites de toler\u00e2ncia para ru\u00eddos cont\u00ednuos, intermitentes ou de impacto. <a href=\"https:\/\/www.gov.br\/trabalho-e-emprego\/pt-br\/acesso-a-informacao\/participacao-social\/conselhos-e-orgaos-colegiados\/comissao-tripartite-partitaria-permanente\/normas-regulamentadora\/normas-regulamentadoras-vigentes\/norma-regulamentadora-no-15-nr-15\" target=\"_blank\" rel=\"noreferrer noopener\">A Norma Regulamentadora n\u00ba 15<\/a> aborda atividades e opera\u00e7\u00f5es insalubres, sendo direcionada para a prote\u00e7\u00e3o dos trabalhadores.<\/p>\n\n\n\n<figure class=\"wp-block-image size-large\"><a href=\"https:\/\/materiais.produttivo.com.br\/dialogo-diario-de-seguranca-dds-inscricao\/?utm_source=blog&amp;utm_medium=organic&amp;utm_term=postLaudoDeRuidoAmbiental&amp;utm_campaign=PostLaudoDeRuidoAmbiental\" target=\"_blank\" rel=\"noopener\"><img decoding=\"async\" width=\"1024\" height=\"535\" data-src=\"https:\/\/www.produttivo.com.br\/blog\/wp-content\/uploads\/2023\/10\/Kit-DDS-Banner-comprimido-1024x535.jpg\" alt=\"Kit DDS com checklist de seguran\u00e7a pronto para baixar\" class=\"wp-image-23926 lazyload\" data-srcset=\"https:\/\/www.produttivo.com.br\/blog\/wp-content\/uploads\/2023\/10\/Kit-DDS-Banner-comprimido-1024x535.jpg 1024w, https:\/\/www.produttivo.com.br\/blog\/wp-content\/uploads\/2023\/10\/Kit-DDS-Banner-comprimido-300x157.jpg 300w, https:\/\/www.produttivo.com.br\/blog\/wp-content\/uploads\/2023\/10\/Kit-DDS-Banner-comprimido.jpg 1200w\" data-sizes=\"(max-width: 1024px) 100vw, 1024px\" src=\"data:image\/svg+xml;base64,PHN2ZyB3aWR0aD0iMSIgaGVpZ2h0PSIxIiB4bWxucz0iaHR0cDovL3d3dy53My5vcmcvMjAwMC9zdmciPjwvc3ZnPg==\" style=\"--smush-placeholder-width: 1024px; --smush-placeholder-aspect-ratio: 1024\/535;\" \/><\/a><\/figure>\n\n\n\n<h2 class=\"wp-block-heading\">Quem precisa fazer o laudo de ru\u00eddo ambiental?<\/h2>\n\n\n\n<p>O laudo de ru\u00eddo ambiental \u00e9 necess\u00e1rio para diversas <a href=\"https:\/\/www.produttivo.com.br\/blog\/controle-de-atividades\/\" target=\"_blank\" rel=\"noreferrer noopener\">atividades<\/a> e segmentos que potencialmente geram ru\u00eddo e podem impactar tanto os trabalhadores quanto a comunidade ao redor. A necessidade de realizar este laudo se aplica a diferentes casos, incluindo:<\/p>\n\n\n\n<ul class=\"wp-block-list\">\n<li>Empresas e <a href=\"https:\/\/www.produttivo.com.br\/blog\/guia-manutencao-industrial-o-que-faz\/\" target=\"_blank\" rel=\"noreferrer noopener\">ind\u00fastrias<\/a>;<\/li>\n\n\n\n<li><a href=\"https:\/\/www.produttivo.com.br\/blog\/pgrcc\/\" target=\"_blank\" rel=\"noreferrer noopener\">Constru\u00e7\u00e3o civil<\/a>;<\/li>\n\n\n\n<li>Com\u00e9rcio e <a href=\"https:\/\/www.produttivo.com.br\/blog\/guia-para-prestacao-de-servicos\/\" target=\"_blank\" rel=\"noreferrer noopener\">servi\u00e7os<\/a>;<\/li>\n\n\n\n<li>Eventos e entretenimento;<\/li>\n\n\n\n<li><a href=\"https:\/\/www.produttivo.com.br\/blog\/manifesto-de-transporte-de-residuos\/\" target=\"_blank\" rel=\"noreferrer noopener\">Transportes<\/a>.<\/li>\n<\/ul>\n\n\n\n<h2 class=\"wp-block-heading\">Quem pode assinar o laudo de ru\u00eddo ambiental?<\/h2>\n\n\n\n<p>O laudo de ru\u00eddo ambiental deve ser realizado por profissionais qualificados e habilitados em avalia\u00e7\u00e3o de ru\u00eddo, como engenheiros ambientais ou t\u00e9cnicos em ac\u00fastica.<\/p>\n\n\n\n<p>Existem empresas especializadas que fornecem todo o servi\u00e7o por meio de profissionais capacitados, da medi\u00e7\u00e3o em si ao preenchimento do laudo.<\/p>\n\n\n\n<h2 class=\"wp-block-heading\">Qual a validade do laudo de ru\u00eddo ambiental?<\/h2>\n\n\n\n<p>Normalmente, a validade do laudo de ru\u00eddo ambiental \u00e9 de <strong>um ano<\/strong> ap\u00f3s a emiss\u00e3o. Por\u00e9m, fatores como natureza da atividade, legisla\u00e7\u00f5es locais e condi\u00e7\u00f5es ambientais espec\u00edficas podem alterar a validade do documento.<\/p>\n\n\n\n<p>O ideal \u00e9 renovar o laudo anualmente ou em caso de qualquer altera\u00e7\u00e3o nas atividades.<\/p>\n\n\n\n<h2 class=\"wp-block-heading\">Quanto custa um laudo de ru\u00eddo ambiental?<\/h2>\n\n\n\n<p>O pre\u00e7o para emiss\u00e3o de um laudo de ru\u00eddo ambiental varia conforme a localiza\u00e7\u00e3o, o tamanho do espa\u00e7o, complexidade da medi\u00e7\u00e3o e outras quest\u00f5es. \u00c9 poss\u00edvel obter laudos <strong>a partir de R$2000<\/strong>, mas em projetos de grande porte, pode chegar a R$50000.<\/p>\n\n\n\n<h2 class=\"wp-block-heading\">Como o laudo de ru\u00eddo ambiental \u00e9 feito?<\/h2>\n\n\n\n<p>O laudo de ru\u00eddo ambiental \u00e9 elaborado a partir de uma medi\u00e7\u00e3o ac\u00fastica realizada por profissional, que ir\u00e1 usar um equipamento para coletar dados e avaliar se os resultados obtidos est\u00e3o de acordo com os limites de toler\u00e2ncia de ru\u00eddos determinados por lei.<\/p>\n\n\n\n<p>Essa an\u00e1lise vai levar em conta o n\u00edvel de ru\u00eddo detectado, a legisla\u00e7\u00e3o local e outros crit\u00e9rios que podem impactar no limite permitido.<\/p>\n\n\n\n<p>Os dados obtidos ser\u00e3o ent\u00e3o documentados em um laudo de ru\u00eddo ambiental, que ir\u00e1 registrar os resultados, conclus\u00f5es do profissional e recomenda\u00e7\u00f5es para o controle do ru\u00eddo, se for o caso.<\/p>\n\n\n\n<p>O laudo ent\u00e3o fica dispon\u00edvel para ser entregue \u00e0s autoridades em caso de fiscaliza\u00e7\u00e3o e tamb\u00e9m para controle pr\u00f3prio da empresa, principalmente na hora de elaborar um <a href=\"https:\/\/www.produttivo.com.br\/blog\/gro\/\" target=\"_blank\" rel=\"noreferrer noopener\">GRO<\/a>.<\/p>\n\n\n\n<h2 class=\"wp-block-heading\">Qual o conte\u00fado de um laudo de ru\u00eddo ambiental?<\/h2>\n\n\n\n<p>Agora que voc\u00ea j\u00e1 sabe a import\u00e2ncia do laudo de ru\u00eddo ambiental, chegou a hora de elaborar o documento. Veja algumas informa\u00e7\u00f5es que n\u00e3o podem faltar:<\/p>\n\n\n\n<h3 class=\"wp-block-heading\">Identifica\u00e7\u00e3o<\/h3>\n\n\n\n<p>Dados de identifica\u00e7\u00e3o da empresa ou projeto que passar\u00e1 pela medi\u00e7\u00e3o, incluindo nome, CNPJ, endere\u00e7o, telefone e profissional respons\u00e1vel. Caso o laudo seja elaborado por uma empresa terceirizada, \u00e9 importante colocar os dados da prestadora de servi\u00e7o e do cliente.<\/p>\n\n\n\n<h3 class=\"wp-block-heading\">Objetivo<\/h3>\n\n\n\n<p>Explica\u00e7\u00e3o do prop\u00f3sito do estudo, como a necessidade de verificar a <a href=\"https:\/\/www.produttivo.com.br\/blog\/auditoria-de-conformidade\/\" target=\"_blank\" rel=\"noreferrer noopener\">conformidade<\/a> com normas regulamentadoras ou atender a queixas de trabalhadores afetados.<\/p>\n\n\n\n<h3 class=\"wp-block-heading\">Metodologia de medi\u00e7\u00e3o<\/h3>\n\n\n\n<p>Descri\u00e7\u00e3o dos <a href=\"https:\/\/www.produttivo.com.br\/blog\/controle-de-equipamentos\/\" target=\"_blank\" rel=\"noreferrer noopener\">equipamentos<\/a> utilizados para medir o ru\u00eddo, como son\u00f4metros calibrados, e os crit\u00e9rios de medi\u00e7\u00e3o (hor\u00e1rio, local, frequ\u00eancia, dura\u00e7\u00e3o das medi\u00e7\u00f5es e par\u00e2metros para compara\u00e7\u00e3o).<\/p>\n\n\n\n<h3 class=\"wp-block-heading\">Descri\u00e7\u00e3o das atividades<\/h3>\n\n\n\n<p>S\u00e3o as atividades geradoras de ru\u00eddo (como opera\u00e7\u00e3o de maquin\u00e1rio), assim como o hor\u00e1rio de <a href=\"https:\/\/www.produttivo.com.br\/blog\/relatorio-de-ocorrencias\/\" target=\"_blank\" rel=\"noreferrer noopener\">ocorr\u00eancia<\/a> das atividades e outras informa\u00e7\u00f5es relevantes sobre a origem dos ru\u00eddos.<\/p>\n\n\n\n<h3 class=\"wp-block-heading\">Medi\u00e7\u00f5es de ru\u00eddo<\/h3>\n\n\n\n<p>Com equipamentos calibrados e apropriados, o profissional deve fazer a medi\u00e7\u00e3o dos ru\u00eddos, mostrando os resultados obtidos e indicando os n\u00edveis de press\u00e3o sonora em decibel.<\/p>\n\n\n\n<h3 class=\"wp-block-heading\">Compara\u00e7\u00e3o com os limites de toler\u00e2ncia<\/h3>\n\n\n\n<p>N\u00e3o basta apenas incluir o resultado da medi\u00e7\u00e3o \u2014 \u00e9 preciso comparar os dados obtidos com os limites de toler\u00e2ncia aplic\u00e1veis, considerando todas as legisla\u00e7\u00f5es vigentes. Caso os ru\u00eddos excedam os n\u00edveis toler\u00e1veis, inclua quando e onde isso ocorreu.<\/p>\n\n\n\n<h3 class=\"wp-block-heading\">An\u00e1lise e interpreta\u00e7\u00e3o de resultados<\/h3>\n\n\n\n<p>Al\u00e9m dos resultados em si, acrescente sua interpreta\u00e7\u00e3o dos resultados em rela\u00e7\u00e3o aos limites estabelecidos pelas normas. Isso inclui <a href=\"https:\/\/www.produttivo.com.br\/blog\/relatorio-de-impacto-ambiental-rima\/\" target=\"_blank\" rel=\"noreferrer noopener\">potenciais impactos<\/a> dos ru\u00eddos no meio ambiente, na comunidade e na sa\u00fade dos trabalhadores.<\/p>\n\n\n\n<h3 class=\"wp-block-heading\">Recomenda\u00e7\u00f5es<\/h3>\n\n\n\n<p>Caso haja, inclua sugest\u00f5es de medidas para reduzir o ru\u00eddo, se necess\u00e1rio. Tais como o uso de barreiras ou isolamento ac\u00fastico, investimento em <a href=\"https:\/\/www.produttivo.com.br\/blog\/o-que-e-epi\/\" target=\"_blank\" rel=\"noreferrer noopener\">EPIs<\/a>, altera\u00e7\u00f5es no ambiente ou nos processos, mudan\u00e7as no hor\u00e1rio de funcionamento, entre outras.<\/p>\n\n\n\n<h3 class=\"wp-block-heading\">Conclus\u00e3o<\/h3>\n\n\n\n<p>O laudo deve ser finalizado com um resumo das observa\u00e7\u00f5es e qualquer outra informa\u00e7\u00e3o que o profissional respons\u00e1vel ache necess\u00e1rio incluir. Tamb\u00e9m \u00e9 importante coletar assinaturas do t\u00e9cnico e do cliente.<\/p>\n\n\n\n<h2 class=\"wp-block-heading\">Como fazer um laudo de ru\u00eddo ambiental no Produttivo?<\/h2>\n\n\n\n<p>O <a href=\"https:\/\/www.produttivo.com.br\/?utm_source=blog&amp;utm_medium=organic&amp;utm_term=postLaudoDeRuidoAmbiental&amp;utm_campaign=PostLaudoDeRuidoAmbiental\" target=\"_blank\" data-type=\"URL\" data-id=\"https:\/\/www.produttivo.com.br\/?utm_source=blog&amp;utm_medium=organic&amp;utm_term=postLaudoDeRuidoAmbiental&amp;utm_campaign=PostLaudoDeRuidoAmbiental\" rel=\"noreferrer noopener\">Produttivo<\/a> \u00e9 um sistema que permite a elabora\u00e7\u00e3o e o preenchimento de laudos, <a href=\"https:\/\/www.produttivo.com.br\/blog\/relatorio-tecnico\/\" target=\"_blank\" rel=\"noreferrer noopener\">relat\u00f3rios<\/a>, <a href=\"https:\/\/www.produttivo.com.br\/blog\/modelo-de-checklist-exemplos-prontos\/\" target=\"_blank\" rel=\"noreferrer noopener\">checklists<\/a> e outros formul\u00e1rios de forma totalmente digital.<\/p>\n\n\n\n<p>Por meio do painel web, o gestor pode escolher um <a href=\"https:\/\/www.produttivo.com.br\/modelo\/?utm_source=blog&amp;utm_medium=organic&amp;utm_term=postLaudoDeRuidoAmbiental&amp;utm_campaign=PostLaudoDeRuidoAmbiental\" target=\"_blank\" data-type=\"URL\" data-id=\"https:\/\/www.produttivo.com.br\/modelo\/?utm_source=blog&amp;utm_medium=organic&amp;utm_term=postLaudoDeRuidoAmbiental&amp;utm_campaign=PostLaudoDeRuidoAmbiental\" rel=\"noreferrer noopener\">modelo pronto para usar<\/a> ou ainda criar seu pr\u00f3prio modelo de laudo totalmente personalizado. Durante a medi\u00e7\u00e3o em campo, o profissional preenche o laudo diretamente do celular ou tablet.<\/p>\n\n\n\n<p>Os laudos digitais do Produttivo ainda contam com recursos como:<\/p>\n\n\n\n<ul class=\"wp-block-list\">\n<li>Preenchimento autom\u00e1tico das informa\u00e7\u00f5es de identifica\u00e7\u00e3o da empresa e do cliente;<\/li>\n\n\n\n<li>Marca\u00e7\u00e3o autom\u00e1tica de data, hor\u00e1rio e local;<\/li>\n\n\n\n<li><a href=\"https:\/\/www.produttivo.com.br\/blog\/o-que-e-relatorio-fotografico-e-por-que-e-importante\/\" target=\"_blank\" rel=\"noreferrer noopener\">Registro fotogr\u00e1fico<\/a> com fotos da galeria ou tiradas na hora, ideal para comprova\u00e7\u00e3o;<\/li>\n\n\n\n<li>Preenchimento por voz para que o profissional n\u00e3o precise ficar digitando manualmente;<\/li>\n\n\n\n<li>Assinatura digital feita na tela do dispositivo;<\/li>\n\n\n\n<li>Personaliza\u00e7\u00e3o do relat\u00f3rio com as cores e logo da empresa;<\/li>\n\n\n\n<li>Compartilhamento por <a href=\"https:\/\/www.produttivo.com.br\/blog\/mensagem-automatica-whatsapp-clientes\/\" target=\"_blank\" rel=\"noreferrer noopener\">WhatsApp<\/a> ou e-mail;<\/li>\n\n\n\n<li>Armazenamento das informa\u00e7\u00f5es em nuvem;<\/li>\n\n\n\n<li>Funcionamento offline;<\/li>\n\n\n\n<li>E muito mais!<\/li>\n<\/ul>\n\n\n\n<p>\u00c9 poss\u00edvel criar um modelo totalmente customizado de laudo de ru\u00eddo ambiental ou usar o modelo pronto.<\/p>\n\n\n\n<h3 class=\"wp-block-heading\">Modelo de laudo de ru\u00eddo ambiental<\/h3>\n\n\n\n<p>O Produttivo conta com um modelo de laudo de ru\u00eddo ambiental pronto para usar. Veja como ele fica preenchido e exportado em PDF:<\/p>\n\n\n\n<figure class=\"wp-block-gallery has-nested-images columns-default is-cropped wp-block-gallery-1 is-layout-flex wp-block-gallery-is-layout-flex\">\n<figure class=\"wp-block-image size-large\"><a href=\"https:\/\/www.produttivo.com.br\/cadastro\/?utm_source=blog&amp;utm_medium=organic&amp;utm_term=postLaudoDeRuidoAmbiental&amp;utm_campaign=PostLaudoDeRuidoAmbiental\" target=\"_blank\" rel=\"noopener\"><img decoding=\"async\" width=\"724\" height=\"1024\" data-id=\"25212\" data-src=\"https:\/\/www.produttivo.com.br\/blog\/wp-content\/uploads\/2024\/05\/Laudo-de-impacto-ambiental-digital-Produttivo-01-724x1024.jpg\" alt=\"\" class=\"wp-image-25212 lazyload\" data-srcset=\"https:\/\/www.produttivo.com.br\/blog\/wp-content\/uploads\/2024\/05\/Laudo-de-impacto-ambiental-digital-Produttivo-01-724x1024.jpg 724w, https:\/\/www.produttivo.com.br\/blog\/wp-content\/uploads\/2024\/05\/Laudo-de-impacto-ambiental-digital-Produttivo-01-212x300.jpg 212w, https:\/\/www.produttivo.com.br\/blog\/wp-content\/uploads\/2024\/05\/Laudo-de-impacto-ambiental-digital-Produttivo-01-1085x1536.jpg 1085w, https:\/\/www.produttivo.com.br\/blog\/wp-content\/uploads\/2024\/05\/Laudo-de-impacto-ambiental-digital-Produttivo-01.jpg 1240w\" data-sizes=\"(max-width: 724px) 100vw, 724px\" src=\"data:image\/svg+xml;base64,PHN2ZyB3aWR0aD0iMSIgaGVpZ2h0PSIxIiB4bWxucz0iaHR0cDovL3d3dy53My5vcmcvMjAwMC9zdmciPjwvc3ZnPg==\" style=\"--smush-placeholder-width: 724px; --smush-placeholder-aspect-ratio: 724\/1024;\" \/><\/a><\/figure>\n\n\n\n<figure class=\"wp-block-image size-large\"><a href=\"https:\/\/www.produttivo.com.br\/cadastro\/?utm_source=blog&amp;utm_medium=organic&amp;utm_term=postLaudoDeRuidoAmbiental&amp;utm_campaign=PostLaudoDeRuidoAmbiental\" target=\"_blank\" rel=\"noopener\"><img decoding=\"async\" width=\"724\" height=\"1024\" data-id=\"25211\" data-src=\"https:\/\/www.produttivo.com.br\/blog\/wp-content\/uploads\/2024\/05\/Laudo-de-impacto-ambiental-digital-Produttivo-02-724x1024.jpg\" alt=\"\" class=\"wp-image-25211 lazyload\" data-srcset=\"https:\/\/www.produttivo.com.br\/blog\/wp-content\/uploads\/2024\/05\/Laudo-de-impacto-ambiental-digital-Produttivo-02-724x1024.jpg 724w, https:\/\/www.produttivo.com.br\/blog\/wp-content\/uploads\/2024\/05\/Laudo-de-impacto-ambiental-digital-Produttivo-02-212x300.jpg 212w, https:\/\/www.produttivo.com.br\/blog\/wp-content\/uploads\/2024\/05\/Laudo-de-impacto-ambiental-digital-Produttivo-02-1085x1536.jpg 1085w, https:\/\/www.produttivo.com.br\/blog\/wp-content\/uploads\/2024\/05\/Laudo-de-impacto-ambiental-digital-Produttivo-02.jpg 1240w\" data-sizes=\"(max-width: 724px) 100vw, 724px\" src=\"data:image\/svg+xml;base64,PHN2ZyB3aWR0aD0iMSIgaGVpZ2h0PSIxIiB4bWxucz0iaHR0cDovL3d3dy53My5vcmcvMjAwMC9zdmciPjwvc3ZnPg==\" style=\"--smush-placeholder-width: 724px; --smush-placeholder-aspect-ratio: 724\/1024;\" \/><\/a><\/figure>\n<\/figure>\n\n\n\n<p>Tanto o preenchimento do laudo em si como o controle dos servi\u00e7os \u00e9 realizado dentro do sistema Produttivo, de onde voc\u00ea estiver. Fa\u00e7a um <a href=\"https:\/\/www.produttivo.com.br\/cadastro\/?utm_source=blog&amp;utm_medium=organic&amp;utm_term=postLaudoDeRuidoAmbiental&amp;utm_campaign=PostLaudoDeRuidoAmbiental\" target=\"_blank\" data-type=\"URL\" data-id=\"https:\/\/www.produttivo.com.br\/cadastro\/?utm_source=blog&amp;utm_medium=organic&amp;utm_term=postLaudoDeRuidoAmbiental&amp;utm_campaign=PostLaudoDeRuidoAmbiental\" rel=\"noreferrer noopener\">teste gr\u00e1tis<\/a> e comece a usar o modelo de laudo de ru\u00eddo ambiental agora mesmo!<\/p>\n\n\n\n<p>Se preferir, <a href=\"https:\/\/calendly.com\/produttivo\/demonstracao?utm_source=blog&amp;utm_medium=organic&amp;utm_term=postLaudoDeRuidoAmbiental&amp;utm_campaign=PostLaudoDeRuidoAmbiental\" target=\"_blank\" data-type=\"URL\" data-id=\"https:\/\/calendly.com\/produttivo\/demonstracao?utm_source=blog&amp;utm_medium=organic&amp;utm_term=postLaudoDeRuidoAmbiental&amp;utm_campaign=PostLaudoDeRuidoAmbiental\" rel=\"noreferrer noopener\">agende uma demonstra\u00e7\u00e3o gratuita<\/a> com um consultor e conhe\u00e7a todos os diferenciais do Produttivo para elabora\u00e7\u00e3o de laudos e outros formul\u00e1rios digitais.<\/p>\n","protected":false},"excerpt":{"rendered":"<p>O laudo de ru\u00eddo ambiental \u00e9 um documento t\u00e9cnico obrigat\u00f3rio que comprova se os n\u00edveis de som emitidos durante as [&hellip;]<\/p>\n","protected":false},"author":11,"featured_media":25208,"comment_status":"open","ping_status":"open","sticky":false,"template":"","format":"standard","meta":{"_uag_custom_page_level_css":"","_monsterinsights_skip_tracking":false,"_monsterinsights_sitenote_active":false,"_monsterinsights_sitenote_note":"","_monsterinsights_sitenote_category":0,"site-sidebar-layout":"default","site-content-layout":"","ast-site-content-layout":"default","site-content-style":"default","site-sidebar-style":"default","ast-global-header-display":"","ast-banner-title-visibility":"","ast-main-header-display":"","ast-hfb-above-header-display":"","ast-hfb-below-header-display":"","ast-hfb-mobile-header-display":"","site-post-title":"","ast-breadcrumbs-content":"","ast-featured-img":"","footer-sml-layout":"","ast-disable-related-posts":"","theme-transparent-header-meta":"","adv-header-id-meta":"","stick-header-meta":"","header-above-stick-meta":"","header-main-stick-meta":"","header-below-stick-meta":"","astra-migrate-meta-layouts":"default","ast-page-background-enabled":"default","ast-page-background-meta":{"desktop":{"background-color":"var(--ast-global-color-4)","background-image":"","background-repeat":"repeat","background-position":"center center","background-size":"auto","background-attachment":"scroll","background-type":"","background-media":"","overlay-type":"","overlay-color":"","overlay-opacity":"","overlay-gradient":""},"tablet":{"background-color":"","background-image":"","background-repeat":"repeat","background-position":"center center","background-size":"auto","background-attachment":"scroll","background-type":"","background-media":"","overlay-type":"","overlay-color":"","overlay-opacity":"","overlay-gradient":""},"mobile":{"background-color":"","background-image":"","background-repeat":"repeat","background-position":"center center","background-size":"auto","background-attachment":"scroll","background-type":"","background-media":"","overlay-type":"","overlay-color":"","overlay-opacity":"","overlay-gradient":""}},"ast-content-background-meta":{"desktop":{"background-color":"var(--ast-global-color-5)","background-image":"","background-repeat":"repeat","background-position":"center center","background-size":"auto","background-attachment":"scroll","background-type":"","background-media":"","overlay-type":"","overlay-color":"","overlay-opacity":"","overlay-gradient":""},"tablet":{"background-color":"var(--ast-global-color-5)","background-image":"","background-repeat":"repeat","background-position":"center center","background-size":"auto","background-attachment":"scroll","background-type":"","background-media":"","overlay-type":"","overlay-color":"","overlay-opacity":"","overlay-gradient":""},"mobile":{"background-color":"var(--ast-global-color-5)","background-image":"","background-repeat":"repeat","background-position":"center center","background-size":"auto","background-attachment":"scroll","background-type":"","background-media":"","overlay-type":"","overlay-color":"","overlay-opacity":"","overlay-gradient":""}},"footnotes":""},"categories":[566],"tags":[],"class_list":["post-25207","post","type-post","status-publish","format-standard","has-post-thumbnail","hentry","category-seguranca-do-trabalho"],"uagb_featured_image_src":{"full":["https:\/\/www.produttivo.com.br\/blog\/wp-content\/uploads\/2024\/05\/Shutterstock_1687887019-1.jpg",900,600,false],"thumbnail":["https:\/\/www.produttivo.com.br\/blog\/wp-content\/uploads\/2024\/05\/Shutterstock_1687887019-1-150x150.jpg",150,150,true],"medium":["https:\/\/www.produttivo.com.br\/blog\/wp-content\/uploads\/2024\/05\/Shutterstock_1687887019-1-300x200.jpg",300,200,true],"medium_large":["https:\/\/www.produttivo.com.br\/blog\/wp-content\/uploads\/2024\/05\/Shutterstock_1687887019-1.jpg",900,600,false],"large":["https:\/\/www.produttivo.com.br\/blog\/wp-content\/uploads\/2024\/05\/Shutterstock_1687887019-1.jpg",900,600,false],"1536x1536":["https:\/\/www.produttivo.com.br\/blog\/wp-content\/uploads\/2024\/05\/Shutterstock_1687887019-1.jpg",900,600,false],"2048x2048":["https:\/\/www.produttivo.com.br\/blog\/wp-content\/uploads\/2024\/05\/Shutterstock_1687887019-1.jpg",900,600,false]},"uagb_author_info":{"display_name":"Lu\u00edsa de C\u00e1ssia","author_link":"https:\/\/www.produttivo.com.br\/blog\/author\/luisa-silva\/"},"uagb_comment_info":0,"uagb_excerpt":"O laudo de ru\u00eddo ambiental \u00e9 um documento t\u00e9cnico obrigat\u00f3rio que comprova se os n\u00edveis de som emitidos durante as [&hellip;]","_links":{"self":[{"href":"https:\/\/www.produttivo.com.br\/blog\/wp-json\/wp\/v2\/posts\/25207","targetHints":{"allow":["GET"]}}],"collection":[{"href":"https:\/\/www.produttivo.com.br\/blog\/wp-json\/wp\/v2\/posts"}],"about":[{"href":"https:\/\/www.produttivo.com.br\/blog\/wp-json\/wp\/v2\/types\/post"}],"author":[{"embeddable":true,"href":"https:\/\/www.produttivo.com.br\/blog\/wp-json\/wp\/v2\/users\/11"}],"replies":[{"embeddable":true,"href":"https:\/\/www.produttivo.com.br\/blog\/wp-json\/wp\/v2\/comments?post=25207"}],"version-history":[{"count":5,"href":"https:\/\/www.produttivo.com.br\/blog\/wp-json\/wp\/v2\/posts\/25207\/revisions"}],"predecessor-version":[{"id":28930,"href":"https:\/\/www.produttivo.com.br\/blog\/wp-json\/wp\/v2\/posts\/25207\/revisions\/28930"}],"wp:featuredmedia":[{"embeddable":true,"href":"https:\/\/www.produttivo.com.br\/blog\/wp-json\/wp\/v2\/media\/25208"}],"wp:attachment":[{"href":"https:\/\/www.produttivo.com.br\/blog\/wp-json\/wp\/v2\/media?parent=25207"}],"wp:term":[{"taxonomy":"category","embeddable":true,"href":"https:\/\/www.produttivo.com.br\/blog\/wp-json\/wp\/v2\/categories?post=25207"},{"taxonomy":"post_tag","embeddable":true,"href":"https:\/\/www.produttivo.com.br\/blog\/wp-json\/wp\/v2\/tags?post=25207"}],"curies":[{"name":"wp","href":"https:\/\/api.w.org\/{rel}","templated":true}]}}