{"id":22095,"date":"2023-05-09T08:00:00","date_gmt":"2023-05-09T11:00:00","guid":{"rendered":"https:\/\/www.produttivo.com.br\/blog\/?p=22095"},"modified":"2026-01-20T15:36:28","modified_gmt":"2026-01-20T18:36:28","slug":"arvore-de-falhas","status":"publish","type":"post","link":"https:\/\/www.produttivo.com.br\/blog\/arvore-de-falhas\/","title":{"rendered":"O que \u00e9 an\u00e1lise da \u00c1rvore de Falhas e como fazer"},"content":{"rendered":"\n<p>A an\u00e1lise da \u00e1rvore de falhas, tamb\u00e9m chamada de FTA (<em>Fault Tree Analysis<\/em>), \u00e9 uma metodologia que usa diagramas para encontrar a causa raiz de um problema e assim buscar uma solu\u00e7\u00e3o definitiva.<\/p>\n\n\n\n<p>Neste artigo, explicaremos o que \u00e9 a \u00e1rvore de falhas, qual a sua import\u00e2ncia e como fazer a an\u00e1lise. Acompanhe!<\/p>\n\n\n\n<p class=\"has-text-align-center\"><strong>Veja tamb\u00e9m: <\/strong><a href=\"https:\/\/www.produttivo.com.br\/modelo\/?utm_source=blog&amp;utm_medium=organic&amp;utm_term=postArvoreDeFalhas&amp;utm_campaign=PostArvoreDeFalhas\" target=\"_blank\" data-type=\"URL\" data-id=\"https:\/\/www.produttivo.com.br\/modelo\/?utm_source=blog&amp;utm_medium=organic&amp;utm_term=postArvoreDeFalhas&amp;utm_campaign=PostArvoreDeFalhas\" rel=\"noreferrer noopener\"><strong>Modelos digitais de relat\u00f3rios para verifica\u00e7\u00e3o de n\u00e3o conformidades<\/strong><\/a><\/p>\n\n\n\n<p><\/p>\n\n\n\t\t\t\t<div class=\"wp-block-uagb-table-of-contents uagb-toc__align-left uagb-toc__columns-1  uagb-block-2277fa34      \"\n\t\t\t\t\tdata-scroll= \"1\"\n\t\t\t\t\tdata-offset= \"30\"\n\t\t\t\t\tstyle=\"\"\n\t\t\t\t>\n\t\t\t\t<div class=\"uagb-toc__wrap\">\n\t\t\t\t\t\t<div class=\"uagb-toc__title\">\n\t\t\t\t\t\t\tVoc\u00ea vai ver:\t\t\t\t\t\t<\/div>\n\t\t\t\t\t\t\t\t\t\t\t\t\t\t\t\t\t\t\t\t\t\t<div class=\"uagb-toc__list-wrap \">\n\t\t\t\t\t\t<ol class=\"uagb-toc__list\"><li class=\"uagb-toc__list\"><a href=\"#o-que-\u00e9-\u00e1rvore-de-falhas\" class=\"uagb-toc-link__trigger\">O que \u00e9 \u00e1rvore de falhas?<\/a><li class=\"uagb-toc__list\"><a href=\"#o-que-\u00e9-an\u00e1lise-da-\u00e1rvore-de-falhas\" class=\"uagb-toc-link__trigger\">O que \u00e9 an\u00e1lise da \u00e1rvore de falhas?<\/a><li class=\"uagb-toc__list\"><a href=\"#para-que-serve-a-an\u00e1lise-de-\u00e1rvore-de-falhas\" class=\"uagb-toc-link__trigger\">Para que serve a an\u00e1lise de \u00e1rvore de falhas?<\/a><li class=\"uagb-toc__list\"><a href=\"#quais-s\u00e3o-as-vantagens-de-fazer-uma-\u00e1rvore-de-falhas\" class=\"uagb-toc-link__trigger\">Quais s\u00e3o as vantagens de fazer uma \u00e1rvore de falhas?<\/a><li class=\"uagb-toc__list\"><a href=\"#o-que-\u00e9-\u00e1rvore-de-falhas-seguran\u00e7a-do-trabalho\" class=\"uagb-toc-link__trigger\">O que \u00e9 \u00e1rvore de falhas seguran\u00e7a do trabalho?<\/a><li class=\"uagb-toc__list\"><a href=\"#como-fazer-um-diagrama-de-\u00e1rvore-de-falhas\" class=\"uagb-toc-link__trigger\">Como fazer um diagrama de \u00e1rvore de falhas?<\/a><li class=\"uagb-toc__list\"><a href=\"#quando-devo-usar-uma-an\u00e1lise-da-\u00e1rvore-de-falhas-na-manuten\u00e7\u00e3o\" class=\"uagb-toc-link__trigger\">Quando devo usar uma an\u00e1lise da \u00e1rvore de falhas na manuten\u00e7\u00e3o?<\/a><li class=\"uagb-toc__list\"><a href=\"#quais-s\u00e3o-as-limita\u00e7\u00f5es-da-\u00e1rvore-de-falhas\" class=\"uagb-toc-link__trigger\">Quais s\u00e3o as limita\u00e7\u00f5es da \u00e1rvore de falhas?<\/a><li class=\"uagb-toc__list\"><a href=\"#como-fazer-uma-an\u00e1lise-da-\u00e1rvore-de-falhas\" class=\"uagb-toc-link__trigger\">Como fazer uma an\u00e1lise da \u00e1rvore de falhas?<\/a><\/ol>\t\t\t\t\t<\/div>\n\t\t\t\t\t\t\t\t\t<\/div>\n\t\t\t\t<\/div>\n\t\t\t\n\n\n<p><\/p>\n\n\n\n<h2 class=\"wp-block-heading\">O que \u00e9 \u00e1rvore de falhas?<\/h2>\n\n\n\n<p>A \u00e1rvore de falhas \u00e9 uma ferramenta que coloca os eventos relacionados em uma sequ\u00eancia l\u00f3gica, permitindo <strong>entender qual foi a causa raiz que gerou o problema<\/strong> ou situa\u00e7\u00e3o.<\/p>\n\n\n\n<p>Normalmente ela \u00e9 feita por meio de diagramas, criando uma <strong>representa\u00e7\u00e3o visual <\/strong>que ajuda a identificar qual foi a falha inicial que levou ao problema principal.<\/p>\n\n\n\n<p>Uma vez que a falha foi sinalizada, \u00e9 preciso fazer uma an\u00e1lise dedutiva para descobrir sua origem e assim corrigir o problema na raiz, e n\u00e3o apenas sua consequ\u00eancia (a falha que gerou a necessidade da \u00e1rvore).<\/p>\n\n\n\n<p>Muitas vezes, a <a href=\"https:\/\/www.produttivo.com.br\/blog\/analise-de-causa-raiz\/\" target=\"_blank\" rel=\"noreferrer noopener\">causa raiz<\/a> \u00e9 fonte de outros problemas que ainda n\u00e3o foram identificados ou n\u00e3o se desenvolveram. Por isso, a \u00e1rvore de falhas possibilita tra\u00e7ar o caminho at\u00e9 a origem da falha e prever outros poss\u00edveis problemas que ela iria causar.<\/p>\n\n\n\n<p>Assim, al\u00e9m de evitar a reincid\u00eancia da situa\u00e7\u00e3o, conseguimos prevenir outros problemas futuros.<\/p>\n\n\n\n<figure class=\"wp-block-image size-large\"><a href=\"https:\/\/www.produttivo.com.br\/modelo\/checklist-manutencao-preventiva\/?utm_source=blog&amp;utm_medium=organic&amp;utm_term=postArvoreDeFalhas&amp;utm_campaign=PostArvoreDeFalhas\" target=\"_blank\" rel=\"noopener\"><img decoding=\"async\" width=\"1024\" height=\"535\" data-src=\"https:\/\/www.produttivo.com.br\/blog\/wp-content\/uploads\/2023\/04\/Checklist-Digital-de-Manutencao-Preventiva-para-usar-dentro-do-sistema-do-Produttivo-1024x535.webp\" alt=\"Checklist Digital de Manuten\u00e7\u00e3o Preventiva para usar dentro do sistema do Produttivo\" class=\"wp-image-22052 lazyload\" data-srcset=\"https:\/\/www.produttivo.com.br\/blog\/wp-content\/uploads\/2023\/04\/Checklist-Digital-de-Manutencao-Preventiva-para-usar-dentro-do-sistema-do-Produttivo-1024x535.webp 1024w, https:\/\/www.produttivo.com.br\/blog\/wp-content\/uploads\/2023\/04\/Checklist-Digital-de-Manutencao-Preventiva-para-usar-dentro-do-sistema-do-Produttivo-300x157.webp 300w, https:\/\/www.produttivo.com.br\/blog\/wp-content\/uploads\/2023\/04\/Checklist-Digital-de-Manutencao-Preventiva-para-usar-dentro-do-sistema-do-Produttivo.webp 1200w\" data-sizes=\"(max-width: 1024px) 100vw, 1024px\" src=\"data:image\/svg+xml;base64,PHN2ZyB3aWR0aD0iMSIgaGVpZ2h0PSIxIiB4bWxucz0iaHR0cDovL3d3dy53My5vcmcvMjAwMC9zdmciPjwvc3ZnPg==\" style=\"--smush-placeholder-width: 1024px; --smush-placeholder-aspect-ratio: 1024\/535;\" \/><\/a><\/figure>\n\n\n\n<h3 class=\"wp-block-heading\">Estrutura da \u00e1rvore de falhas<\/h3>\n\n\n\n<p>A \u00e1rvore de falhas \u00e9 elaborada na forma de diagrama, seguindo um modelo de <strong>an\u00e1lise de cima para baixo<\/strong>. A partir do primeiro bloco, que representa o problema principal, s\u00e3o adicionados novos elementos representando outras poss\u00edveis falhas.<\/p>\n\n\n\n<p>Cada evento adicionado ao diagrama deve seguir uma ordem l\u00f3gica que o relacione com o acontecimento anterior. Os elementos v\u00e3o sendo acrescentados at\u00e9 que se chegue a uma causa raiz que originou a falha inicial.<\/p>\n\n\n\n<div class=\"wp-block-image\"><figure class=\"aligncenter size-large\"><img decoding=\"async\" width=\"1024\" height=\"502\" data-src=\"https:\/\/www.produttivo.com.br\/blog\/wp-content\/uploads\/2023\/04\/arvore-de-falhas-1024x502.jpg\" alt=\"Imagem explicativa da estrutura da \u00e1rvore de falhas \" class=\"wp-image-22096 lazyload\" data-srcset=\"https:\/\/www.produttivo.com.br\/blog\/wp-content\/uploads\/2023\/04\/arvore-de-falhas-1024x502.jpg 1024w, https:\/\/www.produttivo.com.br\/blog\/wp-content\/uploads\/2023\/04\/arvore-de-falhas-300x147.jpg 300w, https:\/\/www.produttivo.com.br\/blog\/wp-content\/uploads\/2023\/04\/arvore-de-falhas.jpg 1174w\" data-sizes=\"(max-width: 1024px) 100vw, 1024px\" src=\"data:image\/svg+xml;base64,PHN2ZyB3aWR0aD0iMSIgaGVpZ2h0PSIxIiB4bWxucz0iaHR0cDovL3d3dy53My5vcmcvMjAwMC9zdmciPjwvc3ZnPg==\" style=\"--smush-placeholder-width: 1024px; --smush-placeholder-aspect-ratio: 1024\/502;\" \/><\/figure><\/div>\n\n\n\n<p>A \u00e1rvore de falhas pode conter quantos eventos forem necess\u00e1rios para chegar \u00e0 raiz do problema. Al\u00e9m disso, usa-se uma simbologia espec\u00edfica para que a representa\u00e7\u00e3o seja padronizada e f\u00e1cil de entender, veja logo abaixo.<\/p>\n\n\n\n<h3 class=\"wp-block-heading\">S\u00edmbolos da \u00e1rvore de falhas<\/h3>\n\n\n\n<p>A simbologia da \u00e1rvore de falhas \u00e9 dividida em s\u00edmbolos de eventos e s\u00edmbolos de porta. Olha s\u00f3:<\/p>\n\n\n\n<h4 class=\"wp-block-heading\"><strong>S\u00edmbolos de eventos<\/strong><\/h4>\n\n\n\n<p>Os eventos podem ser prim\u00e1rios, secund\u00e1rios ou intermedi\u00e1rios.<\/p>\n\n\n\n<div class=\"wp-block-image\"><figure class=\"aligncenter size-full\"><img decoding=\"async\" width=\"432\" height=\"134\" data-src=\"https:\/\/www.produttivo.com.br\/blog\/wp-content\/uploads\/2023\/04\/simbolos-eventos-arvore-de-falhas.jpg\" alt=\"Simbologia utilizada na \u00e1rvore de falhas \" class=\"wp-image-22103 lazyload\" data-srcset=\"https:\/\/www.produttivo.com.br\/blog\/wp-content\/uploads\/2023\/04\/simbolos-eventos-arvore-de-falhas.jpg 432w, https:\/\/www.produttivo.com.br\/blog\/wp-content\/uploads\/2023\/04\/simbolos-eventos-arvore-de-falhas-300x93.jpg 300w\" data-sizes=\"(max-width: 432px) 100vw, 432px\" src=\"data:image\/svg+xml;base64,PHN2ZyB3aWR0aD0iMSIgaGVpZ2h0PSIxIiB4bWxucz0iaHR0cDovL3d3dy53My5vcmcvMjAwMC9zdmciPjwvc3ZnPg==\" style=\"--smush-placeholder-width: 432px; --smush-placeholder-aspect-ratio: 432\/134;\" \/><\/figure><\/div>\n\n\n\n<ul class=\"wp-block-list\"><li><strong>Evento prim\u00e1rio ou b\u00e1sico:<\/strong> falha inicial que deu origem \u00e0 situa\u00e7\u00e3o, sendo representada na base da \u00e1rvore por um c\u00edrculo;<\/li><li><strong>Evento secund\u00e1rio:<\/strong> eventos sobre os quais n\u00e3o h\u00e1 muitas informa\u00e7\u00f5es e que precisam de an\u00e1lise adicional. S\u00e3o representados por losangos;<\/li><li><strong>Evento intermedi\u00e1rio:<\/strong> oferecem uma an\u00e1lise adicional do evento principal, mas ainda n\u00e3o s\u00e3o a causa raiz. A representa\u00e7\u00e3o \u00e9 feita por ret\u00e2ngulos ou quadrados.<\/li><\/ul>\n\n\n\n<p>O evento principal (aquele que despertou a necessidade de busca pela causa raiz) deve ser representado por um ret\u00e2ngulo no topo da \u00e1rvore, de onde sair\u00e3o os outros elementos.<\/p>\n\n\n\n<h4 class=\"wp-block-heading\"><strong>S\u00edmbolos de porta<\/strong><\/h4>\n\n\n\n<p>J\u00e1 os s\u00edmbolos de porta representam a rela\u00e7\u00e3o entre os eventos. A \u00e1rvore de falhas utiliza express\u00f5es booleanas na sele\u00e7\u00e3o dos s\u00edmbolos.<\/p>\n\n\n\n<div class=\"wp-block-image\"><figure class=\"aligncenter size-full\"><img decoding=\"async\" width=\"254\" height=\"129\" data-src=\"https:\/\/www.produttivo.com.br\/blog\/wp-content\/uploads\/2023\/04\/simbolos-portas-arvore-de-falhas.jpg\" alt=\"S\u00edmbolos de porta utilizados na \u00e1rvore de falhas \" class=\"wp-image-22104 lazyload\" src=\"data:image\/svg+xml;base64,PHN2ZyB3aWR0aD0iMSIgaGVpZ2h0PSIxIiB4bWxucz0iaHR0cDovL3d3dy53My5vcmcvMjAwMC9zdmciPjwvc3ZnPg==\" style=\"--smush-placeholder-width: 254px; --smush-placeholder-aspect-ratio: 254\/129;\" \/><\/figure><\/div>\n\n\n\n<ul class=\"wp-block-list\"><li><strong>Porta E (<\/strong><strong><em>and<\/em><\/strong><strong>): <\/strong>a falha ocorre se todos os eventos de entrada forem verdadeiros;<\/li><li><strong>Porta Ou (<\/strong><strong><em>or<\/em><\/strong><strong>): <\/strong>a falha ocorre se algum dos eventos for verdadeiro.<\/li><\/ul>\n\n\n\n<p>As portas possuem uma entrada, ou seja, o evento que deu origem a elas, mas duas sa\u00eddas \u2014 representando as possibilidades. Caso ambas as possibilidades sejam verdadeiras, usamos a porta E; se apenas uma ou outra possibilidade for verdadeira, usamos a porta Ou.<\/p>\n\n\n\n<p>Com isso, a \u00e1rvore de falha deve ficar assim:<\/p>\n\n\n\n<figure class=\"wp-block-image size-full\"><img decoding=\"async\" width=\"1000\" height=\"620\" data-src=\"https:\/\/www.produttivo.com.br\/blog\/wp-content\/uploads\/2023\/04\/estrutura-arvore-de-falhas.png\" alt=\"Imagem ilustrativa com um exemplo de como fica o fluxograma da an\u00e1lise de \u00e1rvores de falhas \" class=\"wp-image-22097 lazyload\" data-srcset=\"https:\/\/www.produttivo.com.br\/blog\/wp-content\/uploads\/2023\/04\/estrutura-arvore-de-falhas.png 1000w, https:\/\/www.produttivo.com.br\/blog\/wp-content\/uploads\/2023\/04\/estrutura-arvore-de-falhas-300x186.png 300w\" data-sizes=\"(max-width: 1000px) 100vw, 1000px\" src=\"data:image\/svg+xml;base64,PHN2ZyB3aWR0aD0iMSIgaGVpZ2h0PSIxIiB4bWxucz0iaHR0cDovL3d3dy53My5vcmcvMjAwMC9zdmciPjwvc3ZnPg==\" style=\"--smush-placeholder-width: 1000px; --smush-placeholder-aspect-ratio: 1000\/620;\" \/><figcaption><em>Fonte: <\/em><a href=\"https:\/\/vidadeproduto.com.br\/analise-da-arvores-de-falhas\/\" target=\"_blank\" rel=\"noreferrer noopener\"><em>Vida de produto<\/em><\/a><\/figcaption><\/figure>\n\n\n\n<p>Continue acompanhando o artigo para entender como fazer uma \u00e1rvore de falhas!<\/p>\n\n\n\n<h2 class=\"wp-block-heading\">O que \u00e9 an\u00e1lise da \u00e1rvore de falhas?<\/h2>\n\n\n\n<p>A an\u00e1lise da \u00e1rvore de falhas \u00e9 a interpreta\u00e7\u00e3o dos dados registrados no diagrama, buscando entender todas as consequ\u00eancias daquela falha. A representa\u00e7\u00e3o \u00e9 um mapeamento do problema, enquanto a an\u00e1lise trabalha com hip\u00f3teses e <a href=\"https:\/\/www.produttivo.com.br\/blog\/plano-de-acao\/\" target=\"_blank\" rel=\"noreferrer noopener\">planos de a\u00e7\u00e3o<\/a>.<\/p>\n\n\n\n<p>\u00c9 feita de cima para baixo, partindo de um evento principal que gerou a necessidade de mapeamento, at\u00e9 chegar \u00e0 raiz da situa\u00e7\u00e3o. Como os eventos acrescentados podem ser hipot\u00e9ticos (ou seja, n\u00e3o aconteceram), a an\u00e1lise de \u00e1rvore de falhas favorece o entendimento de outras possibilidades.<\/p>\n\n\n\n<p>Ela pode ser usada para an\u00e1lises qualitativas ou quantitativas em diversos segmentos, como neg\u00f3cios, gest\u00e3o de projetos, manuten\u00e7\u00e3o, <a href=\"https:\/\/www.produttivo.com.br\/blog\/check-list-seguranca-do-trabalho-5-modelos-prontos\/\" target=\"_blank\" rel=\"noreferrer noopener\">seguran\u00e7a do trabalho<\/a>, entre outros.<\/p>\n\n\n\n<figure class=\"wp-block-image size-large is-style-default\"><a href=\"https:\/\/www.produttivo.com.br\/modelo\/?utm_source=blog&amp;utm_medium=organic&amp;utm_term=postArvoreDeFalhas&amp;utm_campaign=PostArvoreDeFalhas\" target=\"_blank\" rel=\"noopener\"><img decoding=\"async\" width=\"1024\" height=\"535\" data-src=\"https:\/\/www.produttivo.com.br\/blog\/wp-content\/uploads\/2023\/05\/Relatorio-de-nao-conformidade-digital-para-usar-em-aplicativo-1024x535.webp\" alt=\"Relat\u00f3rio de n\u00e3o conformidade digital para usar em aplicativo\" class=\"wp-image-22143 lazyload\" data-srcset=\"https:\/\/www.produttivo.com.br\/blog\/wp-content\/uploads\/2023\/05\/Relatorio-de-nao-conformidade-digital-para-usar-em-aplicativo-1024x535.webp 1024w, https:\/\/www.produttivo.com.br\/blog\/wp-content\/uploads\/2023\/05\/Relatorio-de-nao-conformidade-digital-para-usar-em-aplicativo-300x157.webp 300w, https:\/\/www.produttivo.com.br\/blog\/wp-content\/uploads\/2023\/05\/Relatorio-de-nao-conformidade-digital-para-usar-em-aplicativo.webp 1200w\" data-sizes=\"(max-width: 1024px) 100vw, 1024px\" src=\"data:image\/svg+xml;base64,PHN2ZyB3aWR0aD0iMSIgaGVpZ2h0PSIxIiB4bWxucz0iaHR0cDovL3d3dy53My5vcmcvMjAwMC9zdmciPjwvc3ZnPg==\" style=\"--smush-placeholder-width: 1024px; --smush-placeholder-aspect-ratio: 1024\/535;\" \/><\/a><\/figure>\n\n\n\n<h2 class=\"wp-block-heading\">Para que serve a an\u00e1lise de \u00e1rvore de falhas?<\/h2>\n\n\n\n<p>A an\u00e1lise da \u00e1rvore de falhas \u00e9 uma \u00f3tima ferramenta para trazer mais produtividade para a sua empresa, j\u00e1 que ajuda a:<\/p>\n\n\n\n<ul class=\"wp-block-list\"><li>Diagnosticar a causa raiz de uma falha: assim \u00e9 poss\u00edvel tratar a fonte do problema para que ele n\u00e3o cause novas falhas;<\/li><li>Perceber como o sistema pode falhar: abrindo espa\u00e7o para a preven\u00e7\u00e3o dessas falhas por meio de <a href=\"https:\/\/www.produttivo.com.br\/blog\/modelo-de-plano-de-acao\/\" target=\"_blank\" rel=\"noreferrer noopener\">planos de a\u00e7\u00e3o<\/a>;<\/li><li>Determinar os riscos associados ao sistema: favorecendo a elabora\u00e7\u00e3o de <a href=\"https:\/\/www.produttivo.com.br\/blog\/analise-de-riscos\/\" target=\"_blank\" rel=\"noreferrer noopener\">an\u00e1lises de risco<\/a>;<\/li><li>Identificar medidas para reduzir o risco: de modo a trazer mais <a href=\"https:\/\/www.produttivo.com.br\/blog\/o-que-e-confiabilidade\/\" target=\"_blank\" rel=\"noreferrer noopener\">confiabilidade<\/a> para a opera\u00e7\u00e3o;<\/li><li>Estimar a frequ\u00eancia de acidentes de seguran\u00e7a: para preservar a sa\u00fade e <a href=\"https:\/\/www.produttivo.com.br\/blog\/como-fazer-um-relatorio-de-seguranca-do-trabalho\/\" target=\"_blank\" rel=\"noreferrer noopener\">seguran\u00e7a do trabalho<\/a>.<\/li><\/ul>\n\n\n\n<p>A \u00e1rvore de falhas pode ser aplicada em todos os setores da empresa, ajudando no controle do dia a dia da opera\u00e7\u00e3o.<\/p>\n\n\n\n<p class=\"has-text-align-center\"><strong>Leia tamb\u00e9m: <a href=\"https:\/\/www.produttivo.com.br\/blog\/modo-de-falha\/\" target=\"_blank\" rel=\"noreferrer noopener\">O que \u00e9 modo de falha na manuten\u00e7\u00e3o e como analisar?<\/a><\/strong><\/p>\n\n\n\n<h2 class=\"wp-block-heading\">Quais s\u00e3o as vantagens de fazer uma \u00e1rvore de falhas?<\/h2>\n\n\n\n<p>Ainda que o principal benef\u00edcio da \u00e1rvore de falhas seja a oportunidade de tratar a causa raiz do problema, o m\u00e9todo tamb\u00e9m traz outras vantagens para a empresa:<\/p>\n\n\n\n<ul class=\"wp-block-list\"><li><strong>Aumentar a conformidade com as normas de seguran\u00e7a: <\/strong>tendo um mapeamento de todos os poss\u00edveis riscos, fica mais f\u00e1cil implementar medidas de preven\u00e7\u00e3o e controle e assim garantir que sua empresa est\u00e1 operando de acordo com as <a href=\"https:\/\/www.produttivo.com.br\/blog\/normas-regulamentadoras\/\" target=\"_blank\" rel=\"noreferrer noopener\">normas regulamentadoras<\/a>;<\/li><li><strong>Mapear a rela\u00e7\u00e3o entre falhas e subsistemas:<\/strong> o mapeamento facilita o entendimento das rela\u00e7\u00f5es de causa e efeito;<\/li><li><strong>Estabelecer prioridades para o sistema no seu conjunto: <\/strong>outro benef\u00edcio da \u00e1rvore de falhas \u00e9 que ela ajuda a elencar prioridades e a <a href=\"https:\/\/www.produttivo.com.br\/blog\/criticidade-na-manutencao\/\" target=\"_blank\" rel=\"noreferrer noopener\">criticidade<\/a> dos equipamentos;<\/li><li><strong>Implementar mudan\u00e7as ao projeto ainda na fase conceitual para diminuir o risco: <\/strong>ao mapear os riscos antes mesmo que eles se tornem realidade, \u00e9 poss\u00edvel implementar as mudan\u00e7as necess\u00e1rias desde o in\u00edcio do projeto, evitando a necessidade de readequa\u00e7\u00e3o posterior;<\/li><li><strong>Fazer uma avalia\u00e7\u00e3o probabil\u00edstica de risco: <\/strong>com a an\u00e1lise adequada, \u00e9 poss\u00edvel prever os potenciais riscos, medir sua probabilidade e assim tomar as medidas preventivas de acordo com a gravidade de cada um.<\/li><li><strong>Diminuir o risco de paradas n\u00e3o programadas:<\/strong> ao saber das poss\u00edveis falhas, voc\u00ea pode programar a <a href=\"https:\/\/www.produttivo.com.br\/blog\/manutencao-preventiva-quando-aplicar\/\" target=\"_blank\" rel=\"noreferrer noopener\">manuten\u00e7\u00e3o preventiva<\/a> e agendar as paradas para os momentos mais convenientes;<\/li><li><strong>Reduzir custos: <\/strong>identificando o problema, a <a href=\"https:\/\/www.produttivo.com.br\/blog\/tipos-de-manutencao-quais-suas-diferencas\/\" target=\"_blank\" rel=\"noreferrer noopener\">manuten\u00e7\u00e3o<\/a> pode ser mais assertiva e planejada para n\u00e3o prejudicar a opera\u00e7\u00e3o e assim reduzir <a href=\"https:\/\/www.produttivo.com.br\/blog\/custo-de-manutencao\/\">custos<\/a> com paradas inesperadas e ociosidade.<\/li><\/ul>\n\n\n\n<p class=\"has-text-align-center\"><strong>Leia tamb\u00e9m: <\/strong><a href=\"https:\/\/www.produttivo.com.br\/blog\/manutencao-planejada\/\" target=\"_blank\" rel=\"noreferrer noopener\"><strong>Manuten\u00e7\u00e3o planejada: o que \u00e9, principais tipos e como fazer<\/strong><\/a><\/p>\n\n\n\n<figure class=\"wp-block-image size-large is-style-default\"><a href=\"https:\/\/www.produttivo.com.br\/modelo\/?utm_source=blog&amp;utm_medium=organic&amp;utm_term=postArvoreDeFalhas&amp;utm_campaign=PostArvoreDeFalhas\" target=\"_blank\" rel=\"noopener\"><img decoding=\"async\" width=\"1024\" height=\"535\" data-src=\"https:\/\/www.produttivo.com.br\/blog\/wp-content\/uploads\/2023\/05\/Relatorio-de-nao-conformidade-digital-para-usar-em-aplicativo-1024x535.webp\" alt=\"Relat\u00f3rio de n\u00e3o conformidade digital para usar em aplicativo\" class=\"wp-image-22143 lazyload\" data-srcset=\"https:\/\/www.produttivo.com.br\/blog\/wp-content\/uploads\/2023\/05\/Relatorio-de-nao-conformidade-digital-para-usar-em-aplicativo-1024x535.webp 1024w, https:\/\/www.produttivo.com.br\/blog\/wp-content\/uploads\/2023\/05\/Relatorio-de-nao-conformidade-digital-para-usar-em-aplicativo-300x157.webp 300w, https:\/\/www.produttivo.com.br\/blog\/wp-content\/uploads\/2023\/05\/Relatorio-de-nao-conformidade-digital-para-usar-em-aplicativo.webp 1200w\" data-sizes=\"(max-width: 1024px) 100vw, 1024px\" src=\"data:image\/svg+xml;base64,PHN2ZyB3aWR0aD0iMSIgaGVpZ2h0PSIxIiB4bWxucz0iaHR0cDovL3d3dy53My5vcmcvMjAwMC9zdmciPjwvc3ZnPg==\" style=\"--smush-placeholder-width: 1024px; --smush-placeholder-aspect-ratio: 1024\/535;\" \/><\/a><\/figure>\n\n\n\n<h2 class=\"wp-block-heading\">O que \u00e9 \u00e1rvore de falhas seguran\u00e7a do trabalho?<\/h2>\n\n\n\n<p>Um dos segmentos que pode se beneficiar da \u00e1rvore de falhas \u00e9 a seguran\u00e7a do trabalho. Quando uma ocorr\u00eancia for registrada, o diagrama ajuda a tra\u00e7ar o caminho at\u00e9 a origem da situa\u00e7\u00e3o, abrindo espa\u00e7o para implementa\u00e7\u00e3o de medidas de preven\u00e7\u00e3o e controle que evitem que o problema se repita.<\/p>\n\n\n\n<p>Vamos imaginar que a ocorr\u00eancia foi um acidente de trabalho em que o operador sofreu uma queda de n\u00edvel. Esse ser\u00e1 nosso problema principal.<\/p>\n\n\n\n<p>Agora, vamos criar uma \u00e1rvore de falhas (veja o passo a passo logo abaixo) para entender o que causou esse acidente.<\/p>\n\n\n\n<p>Podemos relacionar a queda de n\u00edvel com falha no <a href=\"https:\/\/www.produttivo.com.br\/blog\/epc-equipamentos-de-protecao-coletiva\/\" target=\"_blank\" rel=\"noreferrer noopener\">EPC<\/a> rede de prote\u00e7\u00e3o ou falha no <a href=\"https:\/\/www.produttivo.com.br\/blog\/o-que-e-epi\/\" target=\"_blank\" rel=\"noreferrer noopener\">EPI<\/a> cintur\u00e3o de seguran\u00e7a. Ao fazer uma an\u00e1lise aprofundada, descartamos a falha no EPC, de modo que precisamos analisar ent\u00e3o a falha no EPI.<\/p>\n\n\n\n<p>O defeito no <a href=\"https:\/\/www.produttivo.com.br\/blog\/como-fazer-ficha-de-epi\/\" target=\"_blank\" rel=\"noreferrer noopener\">EPI<\/a> pode ter sido causado por falha humana ou de fabrica\u00e7\u00e3o. Como o defeito de fabrica\u00e7\u00e3o precisa ser analisado mais extensamente, vamos consider\u00e1-lo como um evento secund\u00e1rio e focar nossa aten\u00e7\u00e3o na falha humana.<\/p>\n\n\n\n<p>Se identificarmos que o <a href=\"https:\/\/www.produttivo.com.br\/blog\/ca-epi-o-que-e\/\" target=\"_blank\" rel=\"noreferrer noopener\">EPI<\/a> n\u00e3o foi utilizado corretamente pelo operador, resultando no acidente, podemos considerar essa como a causa raiz do acidente de trabalho. A partir disso, podemos implementar medidas preventivas para evitar reincid\u00eancia, como o uso de um <a href=\"https:\/\/www.produttivo.com.br\/modelo\/checklist-de-epi\/?utm_source=blog&amp;utm_medium=organic&amp;utm_term=postArvoreDeFalhas&amp;utm_campaign=PostArvoreDeFalhas\" target=\"_blank\" data-type=\"URL\" data-id=\"https:\/\/www.produttivo.com.br\/modelo\/checklist-de-epi\/?utm_source=blog&amp;utm_medium=organic&amp;utm_term=postArvoreDeFalhas&amp;utm_campaign=PostArvoreDeFalhas\" rel=\"noreferrer noopener\">checklist de EPI<\/a> para registrar o uso adequado dos equipamentos.<\/p>\n\n\n\n<p>Olha s\u00f3 como fica o checklist EPI feito no Produttivo:<\/p>\n\n\n\n<figure class=\"wp-block-gallery has-nested-images columns-default is-cropped wp-block-gallery-1 is-layout-flex wp-block-gallery-is-layout-flex\">\n<figure class=\"wp-block-image size-large\"><a href=\"https:\/\/www.produttivo.com.br\/modelo\/checklist-de-epi\/?utm_source=blog&amp;utm_medium=organic&amp;utm_term=postArvoreDeFalhas&amp;utm_campaign=PostArvoreDeFalhas\" target=\"_blank\" rel=\"noopener\"><img decoding=\"async\" width=\"724\" height=\"1024\" data-id=\"22196\" data-src=\"https:\/\/www.produttivo.com.br\/blog\/wp-content\/uploads\/2023\/05\/Checklist-de-EPI-digital-para-usar-em-aplicativo-01-1-724x1024.webp\" alt=\"Modelo de checklist de EPI digital gerado dentro do sistema do Produttivo p\u00e1gina 01\" class=\"wp-image-22196 lazyload\" data-srcset=\"https:\/\/www.produttivo.com.br\/blog\/wp-content\/uploads\/2023\/05\/Checklist-de-EPI-digital-para-usar-em-aplicativo-01-1-724x1024.webp 724w, https:\/\/www.produttivo.com.br\/blog\/wp-content\/uploads\/2023\/05\/Checklist-de-EPI-digital-para-usar-em-aplicativo-01-1-212x300.webp 212w, https:\/\/www.produttivo.com.br\/blog\/wp-content\/uploads\/2023\/05\/Checklist-de-EPI-digital-para-usar-em-aplicativo-01-1-1085x1536.webp 1085w, https:\/\/www.produttivo.com.br\/blog\/wp-content\/uploads\/2023\/05\/Checklist-de-EPI-digital-para-usar-em-aplicativo-01-1.webp 1240w\" data-sizes=\"(max-width: 724px) 100vw, 724px\" src=\"data:image\/svg+xml;base64,PHN2ZyB3aWR0aD0iMSIgaGVpZ2h0PSIxIiB4bWxucz0iaHR0cDovL3d3dy53My5vcmcvMjAwMC9zdmciPjwvc3ZnPg==\" style=\"--smush-placeholder-width: 724px; --smush-placeholder-aspect-ratio: 724\/1024;\" \/><\/a><\/figure>\n\n\n\n<figure class=\"wp-block-image size-large\"><a href=\"https:\/\/www.produttivo.com.br\/modelo\/checklist-de-epi\/?utm_source=blog&amp;utm_medium=organic&amp;utm_term=postArvoreDeFalhas&amp;utm_campaign=PostArvoreDeFalhas\" target=\"_blank\" rel=\"noopener\"><img decoding=\"async\" width=\"724\" height=\"1024\" data-id=\"22197\" data-src=\"https:\/\/www.produttivo.com.br\/blog\/wp-content\/uploads\/2023\/05\/Checklist-de-EPI-digital-para-usar-em-aplicativo-02-1-724x1024.webp\" alt=\"Modelo de checklist de EPI digital gerado dentro do sistema do Produttivo p\u00e1gina 02\" class=\"wp-image-22197 lazyload\" data-srcset=\"https:\/\/www.produttivo.com.br\/blog\/wp-content\/uploads\/2023\/05\/Checklist-de-EPI-digital-para-usar-em-aplicativo-02-1-724x1024.webp 724w, https:\/\/www.produttivo.com.br\/blog\/wp-content\/uploads\/2023\/05\/Checklist-de-EPI-digital-para-usar-em-aplicativo-02-1-212x300.webp 212w, https:\/\/www.produttivo.com.br\/blog\/wp-content\/uploads\/2023\/05\/Checklist-de-EPI-digital-para-usar-em-aplicativo-02-1-1085x1536.webp 1085w, https:\/\/www.produttivo.com.br\/blog\/wp-content\/uploads\/2023\/05\/Checklist-de-EPI-digital-para-usar-em-aplicativo-02-1.webp 1240w\" data-sizes=\"(max-width: 724px) 100vw, 724px\" src=\"data:image\/svg+xml;base64,PHN2ZyB3aWR0aD0iMSIgaGVpZ2h0PSIxIiB4bWxucz0iaHR0cDovL3d3dy53My5vcmcvMjAwMC9zdmciPjwvc3ZnPg==\" style=\"--smush-placeholder-width: 724px; --smush-placeholder-aspect-ratio: 724\/1024;\" \/><\/a><\/figure>\n\n\n\n<figure class=\"wp-block-image size-large\"><a href=\"https:\/\/www.produttivo.com.br\/modelo\/checklist-de-epi\/?utm_source=blog&amp;utm_medium=organic&amp;utm_term=postArvoreDeFalhas&amp;utm_campaign=PostArvoreDeFalhas\" target=\"_blank\" rel=\"noopener\"><img decoding=\"async\" width=\"1240\" height=\"1755\" data-id=\"11509\" data-src=\"https:\/\/www.produttivo.com.br\/blog\/wp-content\/uploads\/2022\/10\/Checklist-epi-controle-de-materiais-03.jpg\" alt=\"Modelo de checklist de EPI digital gerado dentro do sistema do Produttivo p\u00e1gina 03\" class=\"wp-image-11509 lazyload\" data-srcset=\"https:\/\/www.produttivo.com.br\/blog\/wp-content\/uploads\/2022\/10\/Checklist-epi-controle-de-materiais-03.jpg 1240w, https:\/\/www.produttivo.com.br\/blog\/wp-content\/uploads\/2022\/10\/Checklist-epi-controle-de-materiais-03-212x300.jpg 212w, https:\/\/www.produttivo.com.br\/blog\/wp-content\/uploads\/2022\/10\/Checklist-epi-controle-de-materiais-03-724x1024.jpg 724w, https:\/\/www.produttivo.com.br\/blog\/wp-content\/uploads\/2022\/10\/Checklist-epi-controle-de-materiais-03-1085x1536.jpg 1085w\" data-sizes=\"(max-width: 1240px) 100vw, 1240px\" src=\"data:image\/svg+xml;base64,PHN2ZyB3aWR0aD0iMSIgaGVpZ2h0PSIxIiB4bWxucz0iaHR0cDovL3d3dy53My5vcmcvMjAwMC9zdmciPjwvc3ZnPg==\" style=\"--smush-placeholder-width: 1240px; --smush-placeholder-aspect-ratio: 1240\/1755;\" \/><\/a><\/figure>\n<\/figure>\n\n\n\n<p>Ideal para ajudar na preven\u00e7\u00e3o de acidentes identificados na \u00e1rvore de falhas! <a href=\"https:\/\/www.produttivo.com.br\/cadastro\/?utm_source=blog&amp;utm_medium=organic&amp;utm_term=postArvoreDeFalhas&amp;utm_campaign=PostArvoreDeFalhas\" target=\"_blank\" data-type=\"URL\" data-id=\"https:\/\/www.produttivo.com.br\/cadastro\/?utm_source=blog&amp;utm_medium=organic&amp;utm_term=postArvoreDeFalhas&amp;utm_campaign=PostArvoreDeFalhas\" rel=\"noreferrer noopener\">Comece a usar<\/a> esse e outros modelos de checklist.<\/p>\n\n\n\n<p>O m\u00e9todo de an\u00e1lise e constru\u00e7\u00e3o da \u00e1rvore de falhas na seguran\u00e7a do trabalho \u00e9 o mesmo de outros segmentos, mostrando que essa ferramenta pode ser usada em diversas situa\u00e7\u00f5es.<\/p>\n\n\n\n<figure class=\"wp-block-image size-large is-style-default\"><a href=\"https:\/\/www.produttivo.com.br\/modelo\/checklist-seguranca-do-trabalho\/?utm_source=blog&amp;utm_medium=organic&amp;utm_term=postArvoreDeFalhas&amp;utm_campaign=PostArvoreDeFalhas\" target=\"_blank\" rel=\"noopener\"><img decoding=\"async\" width=\"1024\" height=\"535\" data-src=\"https:\/\/www.produttivo.com.br\/blog\/wp-content\/uploads\/2023\/05\/Checklist-de-seguranca-do-trabalho-digital-para-usar-em-aplicativo-1024x535.webp\" alt=\"checklist de seguran\u00e7a do trabalho digital para usar em aplicativo \" class=\"wp-image-22147 lazyload\" data-srcset=\"https:\/\/www.produttivo.com.br\/blog\/wp-content\/uploads\/2023\/05\/Checklist-de-seguranca-do-trabalho-digital-para-usar-em-aplicativo-1024x535.webp 1024w, https:\/\/www.produttivo.com.br\/blog\/wp-content\/uploads\/2023\/05\/Checklist-de-seguranca-do-trabalho-digital-para-usar-em-aplicativo-300x157.webp 300w, https:\/\/www.produttivo.com.br\/blog\/wp-content\/uploads\/2023\/05\/Checklist-de-seguranca-do-trabalho-digital-para-usar-em-aplicativo.webp 1200w\" data-sizes=\"(max-width: 1024px) 100vw, 1024px\" src=\"data:image\/svg+xml;base64,PHN2ZyB3aWR0aD0iMSIgaGVpZ2h0PSIxIiB4bWxucz0iaHR0cDovL3d3dy53My5vcmcvMjAwMC9zdmciPjwvc3ZnPg==\" style=\"--smush-placeholder-width: 1024px; --smush-placeholder-aspect-ratio: 1024\/535;\" \/><\/a><\/figure>\n\n\n\n<h2 class=\"wp-block-heading\">Como fazer um diagrama de \u00e1rvore de falhas?<\/h2>\n\n\n\n<p>Lembra dos s\u00edmbolos que citamos l\u00e1 em cima? Para fazer o diagrama da \u00e1rvore de falhas, vamos precisar deles. Primeiro, vamos come\u00e7ar com o evento principal, aquele que gerou a necessidade de an\u00e1lise.<\/p>\n\n\n\n<p>Esse evento ficar\u00e1 no topo da \u00e1rvore e ser\u00e1 representado por um ret\u00e2ngulo. Em seguida, ele ser\u00e1 relacionado a outros acontecimentos por meio de portas. Vamos imaginar que nosso evento principal \u00e9 um carro que n\u00e3o liga. Esse \u00e9 o nosso evento principal.<\/p>\n\n\n\n<div class=\"wp-block-image\"><figure class=\"aligncenter size-full\"><img decoding=\"async\" width=\"570\" height=\"129\" data-src=\"https:\/\/www.produttivo.com.br\/blog\/wp-content\/uploads\/2023\/04\/arvore-de-falhas-evento-principal.png\" alt=\"Imagem ilustrativa de um evento principal da an\u00e1lise de \u00e1rvores de falhas \" class=\"wp-image-22098 lazyload\" data-srcset=\"https:\/\/www.produttivo.com.br\/blog\/wp-content\/uploads\/2023\/04\/arvore-de-falhas-evento-principal.png 570w, https:\/\/www.produttivo.com.br\/blog\/wp-content\/uploads\/2023\/04\/arvore-de-falhas-evento-principal-300x68.png 300w\" data-sizes=\"(max-width: 570px) 100vw, 570px\" src=\"data:image\/svg+xml;base64,PHN2ZyB3aWR0aD0iMSIgaGVpZ2h0PSIxIiB4bWxucz0iaHR0cDovL3d3dy53My5vcmcvMjAwMC9zdmciPjwvc3ZnPg==\" style=\"--smush-placeholder-width: 570px; --smush-placeholder-aspect-ratio: 570\/129;\" \/><\/figure><\/div>\n\n\n\n<p>Agora precisamos entender porque o carro n\u00e3o liga. Quais s\u00e3o os eventos relacionados a esse problema? Usaremos ret\u00e2ngulos para representar esses eventos e s\u00edmbolos de porta para conect\u00e1-los.<\/p>\n\n\n\n<p>Sabemos que os principais motivos para o carro n\u00e3o ligar s\u00e3o problemas el\u00e9tricos, falhas no motor e problemas no sistema de igni\u00e7\u00e3o. Esses ser\u00e3o os nossos eventos secund\u00e1rios. Como estamos trabalhando com um ou outro problema, usaremos a porta Ou.<\/p>\n\n\n\n<div class=\"wp-block-image\"><figure class=\"aligncenter size-full\"><img decoding=\"async\" width=\"625\" height=\"190\" data-src=\"https:\/\/www.produttivo.com.br\/blog\/wp-content\/uploads\/2023\/04\/arvore-de-falhas-porta-ou.png\" alt=\"Imagem ilustrativa com um exemplo de porta &quot;OU&quot; usada na an\u00e1lise de \u00e1rvore de falhas \" class=\"wp-image-22099 lazyload\" data-srcset=\"https:\/\/www.produttivo.com.br\/blog\/wp-content\/uploads\/2023\/04\/arvore-de-falhas-porta-ou.png 625w, https:\/\/www.produttivo.com.br\/blog\/wp-content\/uploads\/2023\/04\/arvore-de-falhas-porta-ou-300x91.png 300w\" data-sizes=\"(max-width: 625px) 100vw, 625px\" src=\"data:image\/svg+xml;base64,PHN2ZyB3aWR0aD0iMSIgaGVpZ2h0PSIxIiB4bWxucz0iaHR0cDovL3d3dy53My5vcmcvMjAwMC9zdmciPjwvc3ZnPg==\" style=\"--smush-placeholder-width: 625px; --smush-placeholder-aspect-ratio: 625\/190;\" \/><\/figure><\/div>\n\n\n\n<p>O problema na igni\u00e7\u00e3o \u00e9 um evento secund\u00e1rio que precisa de uma an\u00e1lise posterior para ser diagnosticado (no nosso exemplo, precisa de um diagn\u00f3stico profissional). Por isso, usaremos o s\u00edmbolo do losango. J\u00e1 os problemas el\u00e9tricos e no motor oferecem novas possibilidades, que continuaremos explorando na \u00e1rvore.<\/p>\n\n\n\n<p>Os problemas no motor s\u00e3o mais f\u00e1ceis de serem identificados e descartados. Sabemos que o problema n\u00e3o \u00e9 falta de combust\u00edvel nem superaquecimento do motor. Ent\u00e3o vamos olhar para os problemas el\u00e9tricos.<\/p>\n\n\n\n<p>Observamos que a falha n\u00e3o foi causada por um curto-circuito. Logo, podemos concluir que a causa raiz do nosso evento principal (o carro n\u00e3o liga) \u00e9 a bateria descarregada.<\/p>\n\n\n\n<div class=\"wp-block-image\"><figure class=\"aligncenter size-full\"><img decoding=\"async\" width=\"824\" height=\"245\" data-src=\"https:\/\/www.produttivo.com.br\/blog\/wp-content\/uploads\/2023\/04\/arvore-de-falhas-causa-raiz.png\" alt=\"Imagem ilustrativa com um exemplo de causa raiz encontrada a partir de uma an\u00e1lise de \u00e1rvore de falhas \" class=\"wp-image-22100 lazyload\" data-srcset=\"https:\/\/www.produttivo.com.br\/blog\/wp-content\/uploads\/2023\/04\/arvore-de-falhas-causa-raiz.png 824w, https:\/\/www.produttivo.com.br\/blog\/wp-content\/uploads\/2023\/04\/arvore-de-falhas-causa-raiz-300x89.png 300w\" data-sizes=\"(max-width: 824px) 100vw, 824px\" src=\"data:image\/svg+xml;base64,PHN2ZyB3aWR0aD0iMSIgaGVpZ2h0PSIxIiB4bWxucz0iaHR0cDovL3d3dy53My5vcmcvMjAwMC9zdmciPjwvc3ZnPg==\" style=\"--smush-placeholder-width: 824px; --smush-placeholder-aspect-ratio: 824\/245;\" \/><\/figure><\/div>\n\n\n\n<p>Ufa, chegamos \u00e0 origem do problema! Sua \u00e1rvore deve seguir o mesmo caminho: a partir do evento principal, ir tra\u00e7ando rela\u00e7\u00e3o com outras situa\u00e7\u00f5es at\u00e9 chegar \u00e0 falha inicial. N\u00f3s descobrimos que o motivo do carro n\u00e3o ligar era a bateria descarregada, mas tamb\u00e9m mapeamos outras falhas que podem levar a esse problema e portanto precisam ser evitadas.<\/p>\n\n\n\n<div class=\"wp-block-image\"><figure class=\"aligncenter size-large\"><img decoding=\"async\" width=\"1024\" height=\"472\" data-src=\"https:\/\/www.produttivo.com.br\/blog\/wp-content\/uploads\/2023\/04\/arvore-de-falhas-carro-1024x472.jpg\" alt=\"Exemplo de uma an\u00e1lise de \u00e1rvore de falha completa em fluxograma. \" class=\"wp-image-22101 lazyload\" data-srcset=\"https:\/\/www.produttivo.com.br\/blog\/wp-content\/uploads\/2023\/04\/arvore-de-falhas-carro-1024x472.jpg 1024w, https:\/\/www.produttivo.com.br\/blog\/wp-content\/uploads\/2023\/04\/arvore-de-falhas-carro-300x138.jpg 300w, https:\/\/www.produttivo.com.br\/blog\/wp-content\/uploads\/2023\/04\/arvore-de-falhas-carro.jpg 1174w\" data-sizes=\"(max-width: 1024px) 100vw, 1024px\" src=\"data:image\/svg+xml;base64,PHN2ZyB3aWR0aD0iMSIgaGVpZ2h0PSIxIiB4bWxucz0iaHR0cDovL3d3dy53My5vcmcvMjAwMC9zdmciPjwvc3ZnPg==\" style=\"--smush-placeholder-width: 1024px; --smush-placeholder-aspect-ratio: 1024\/472;\" \/><\/figure><\/div>\n\n\n\n<p>No nosso exemplo, usamos apenas portas Ou, mas voc\u00ea pode usar portas E caso observe que todas as ocorr\u00eancias s\u00e3o verdadeiras.<\/p>\n\n\n\n<h2 class=\"wp-block-heading\">Quando devo usar uma an\u00e1lise da \u00e1rvore de falhas na manuten\u00e7\u00e3o?<\/h2>\n\n\n\n<p>A an\u00e1lise da \u00e1rvore de falhas pode ser usada por diversos segmentos, inclusive na manuten\u00e7\u00e3o. O diagrama facilita a visualiza\u00e7\u00e3o dos problemas em uma ordem l\u00f3gica e assim ajuda a identificar <a href=\"https:\/\/www.produttivo.com.br\/blog\/o-que-e-nao-conformidade-exemplos-e-como-tratar\/\" target=\"_blank\" rel=\"noreferrer noopener\">n\u00e3o conformidades<\/a> em m\u00e1quinas e equipamentos.<\/p>\n\n\n\n<p>No exemplo que usamos acima, citamos uma falha no ve\u00edculo. Voc\u00ea pode aplicar a mesma an\u00e1lise a outros ativos, como <a href=\"https:\/\/www.produttivo.com.br\/blog\/manutencao-de-caminhao\/\" target=\"_blank\" rel=\"noreferrer noopener\">caminh\u00f5es<\/a> ou <a href=\"https:\/\/www.produttivo.com.br\/blog\/manutencao-de-maquinas-agricolas\/\" target=\"_blank\" rel=\"noreferrer noopener\">m\u00e1quinas agr\u00edcolas<\/a>: uma vez que o equipamento apresentar falha, \u00e9 preciso investigar hip\u00f3teses relacionadas at\u00e9 chegar a conclus\u00e3o do que causou o problema.<\/p>\n\n\n\n<p>Para deixar a elabora\u00e7\u00e3o da \u00e1rvore de falhas mais f\u00e1cil, voc\u00ea pode investir em um checklist de manuten\u00e7\u00e3o, como o <a href=\"https:\/\/www.produttivo.com.br\/modelo\/checklist-veiculos\/?utm_source=blog&amp;utm_medium=organic&amp;utm_term=postArvoreDeFalhas&amp;utm_campaign=PostArvoreDeFalhas\" target=\"_blank\" data-type=\"URL\" data-id=\"https:\/\/www.produttivo.com.br\/modelo\/checklist-veiculos\/?utm_source=blog&amp;utm_medium=organic&amp;utm_term=postArvoreDeFalhas&amp;utm_campaign=PostArvoreDeFalhas\" rel=\"noreferrer noopener\">checklist de ve\u00edculos<\/a> gerado pelo app do Produttivo.&nbsp;<\/p>\n\n\n\n<p>Com o modelo digital do Produttivo, \u00e9 poss\u00edvel registrar quest\u00f5es de n\u00e3o conformidade em v\u00e1rios formatos (m\u00faltipla escolha, textos longos ou curtos, entre outros), fotos para comprova\u00e7\u00e3o e preenchimento autom\u00e1tico das informa\u00e7\u00f5es do ativo.<\/p>\n\n\n\n<p>Veja como fica o checklist de ve\u00edculos gerado pelo Produttivo:<\/p>\n\n\n\n<figure class=\"wp-block-gallery has-nested-images columns-default is-cropped wp-block-gallery-2 is-layout-flex wp-block-gallery-is-layout-flex\">\n<figure class=\"wp-block-image size-large\"><a href=\"https:\/\/www.produttivo.com.br\/modelo\/checklist-veiculos\/?utm_source=blog&amp;utm_medium=organic&amp;utm_term=postArvoreDeFalhas&amp;utm_campaign=PostArvoreDeFalhas\" target=\"_blank\" rel=\"noopener\"><img decoding=\"async\" width=\"724\" height=\"1024\" data-id=\"22198\" data-src=\"https:\/\/www.produttivo.com.br\/blog\/wp-content\/uploads\/2023\/05\/checklist-de-veiculos-digital-para-usar-em-sistema-01-724x1024.webp\" alt=\"modelo de checklist de ve\u00edculos digital para usar dentro do sistema do produttivo p\u00e1gina 01\" class=\"wp-image-22198 lazyload\" data-srcset=\"https:\/\/www.produttivo.com.br\/blog\/wp-content\/uploads\/2023\/05\/checklist-de-veiculos-digital-para-usar-em-sistema-01-724x1024.webp 724w, https:\/\/www.produttivo.com.br\/blog\/wp-content\/uploads\/2023\/05\/checklist-de-veiculos-digital-para-usar-em-sistema-01-212x300.webp 212w, https:\/\/www.produttivo.com.br\/blog\/wp-content\/uploads\/2023\/05\/checklist-de-veiculos-digital-para-usar-em-sistema-01-1085x1536.webp 1085w, https:\/\/www.produttivo.com.br\/blog\/wp-content\/uploads\/2023\/05\/checklist-de-veiculos-digital-para-usar-em-sistema-01.webp 1240w\" data-sizes=\"(max-width: 724px) 100vw, 724px\" src=\"data:image\/svg+xml;base64,PHN2ZyB3aWR0aD0iMSIgaGVpZ2h0PSIxIiB4bWxucz0iaHR0cDovL3d3dy53My5vcmcvMjAwMC9zdmciPjwvc3ZnPg==\" style=\"--smush-placeholder-width: 724px; --smush-placeholder-aspect-ratio: 724\/1024;\" \/><\/a><\/figure>\n\n\n\n<figure class=\"wp-block-image size-large\"><a href=\"https:\/\/www.produttivo.com.br\/modelo\/checklist-veiculos\/?utm_source=blog&amp;utm_medium=organic&amp;utm_term=postArvoreDeFalhas&amp;utm_campaign=PostArvoreDeFalhas\" target=\"_blank\" rel=\"noopener\"><img decoding=\"async\" width=\"724\" height=\"1024\" data-id=\"22199\" data-src=\"https:\/\/www.produttivo.com.br\/blog\/wp-content\/uploads\/2023\/05\/checklist-de-veiculos-digital-para-usar-em-sistema-02-724x1024.webp\" alt=\"modelo de checklist de ve\u00edculos digital para usar dentro do sistema do produttivo p\u00e1gina 02\" class=\"wp-image-22199 lazyload\" data-srcset=\"https:\/\/www.produttivo.com.br\/blog\/wp-content\/uploads\/2023\/05\/checklist-de-veiculos-digital-para-usar-em-sistema-02-724x1024.webp 724w, https:\/\/www.produttivo.com.br\/blog\/wp-content\/uploads\/2023\/05\/checklist-de-veiculos-digital-para-usar-em-sistema-02-212x300.webp 212w, https:\/\/www.produttivo.com.br\/blog\/wp-content\/uploads\/2023\/05\/checklist-de-veiculos-digital-para-usar-em-sistema-02-1085x1536.webp 1085w, https:\/\/www.produttivo.com.br\/blog\/wp-content\/uploads\/2023\/05\/checklist-de-veiculos-digital-para-usar-em-sistema-02.webp 1240w\" data-sizes=\"(max-width: 724px) 100vw, 724px\" src=\"data:image\/svg+xml;base64,PHN2ZyB3aWR0aD0iMSIgaGVpZ2h0PSIxIiB4bWxucz0iaHR0cDovL3d3dy53My5vcmcvMjAwMC9zdmciPjwvc3ZnPg==\" style=\"--smush-placeholder-width: 724px; --smush-placeholder-aspect-ratio: 724\/1024;\" \/><\/a><\/figure>\n\n\n\n<figure class=\"wp-block-image size-large\"><a href=\"https:\/\/www.produttivo.com.br\/modelo\/checklist-veiculos\/?utm_source=blog&amp;utm_medium=organic&amp;utm_term=postArvoreDeFalhas&amp;utm_campaign=PostArvoreDeFalhas\" target=\"_blank\" rel=\"noopener\"><img decoding=\"async\" width=\"724\" height=\"1024\" data-id=\"22200\" data-src=\"https:\/\/www.produttivo.com.br\/blog\/wp-content\/uploads\/2023\/05\/checklist-de-veiculos-digital-para-usar-em-sistema-03-724x1024.webp\" alt=\"modelo de checklist de ve\u00edculos digital para usar dentro do sistema do produttivo p\u00e1gina 03\" class=\"wp-image-22200 lazyload\" data-srcset=\"https:\/\/www.produttivo.com.br\/blog\/wp-content\/uploads\/2023\/05\/checklist-de-veiculos-digital-para-usar-em-sistema-03-724x1024.webp 724w, https:\/\/www.produttivo.com.br\/blog\/wp-content\/uploads\/2023\/05\/checklist-de-veiculos-digital-para-usar-em-sistema-03-212x300.webp 212w, https:\/\/www.produttivo.com.br\/blog\/wp-content\/uploads\/2023\/05\/checklist-de-veiculos-digital-para-usar-em-sistema-03-1085x1536.webp 1085w, https:\/\/www.produttivo.com.br\/blog\/wp-content\/uploads\/2023\/05\/checklist-de-veiculos-digital-para-usar-em-sistema-03.webp 1240w\" data-sizes=\"(max-width: 724px) 100vw, 724px\" src=\"data:image\/svg+xml;base64,PHN2ZyB3aWR0aD0iMSIgaGVpZ2h0PSIxIiB4bWxucz0iaHR0cDovL3d3dy53My5vcmcvMjAwMC9zdmciPjwvc3ZnPg==\" style=\"--smush-placeholder-width: 724px; --smush-placeholder-aspect-ratio: 724\/1024;\" \/><\/a><\/figure>\n<\/figure>\n\n\n\n<p>Com o diagrama da \u00e1rvore de falhas em m\u00e3os, podemos usar o <a href=\"https:\/\/www.produttivo.com.br\/blog\/modelo-de-checklist-exemplos-prontos\/\" target=\"_blank\" rel=\"noreferrer noopener\">checklist<\/a> para confirmar as hip\u00f3teses e documentar a causa raiz. Ap\u00f3s o preenchimento, o relat\u00f3rio em PDF \u00e9 enviado automaticamente e todas as informa\u00e7\u00f5es ficam salvas no sistema, para n\u00e3o perder nenhum detalhe.<\/p>\n\n\n\n<p class=\"has-text-align-center\"><a href=\"https:\/\/www.produttivo.com.br\/modelo\/?utm_source=blog&amp;utm_medium=organic&amp;utm_term=postArvoreDeFalhas&amp;utm_campaign=PostArvoreDeFalhas\" target=\"_blank\" data-type=\"URL\" data-id=\"https:\/\/www.produttivo.com.br\/modelo\/?utm_source=blog&amp;utm_medium=organic&amp;utm_term=postArvoreDeFalhas&amp;utm_campaign=PostArvoreDeFalhas\" rel=\"noreferrer noopener\"><strong>Teste agora este e outros modelos digitais de checklist, ordem de servi\u00e7o e relat\u00f3rio de manuten\u00e7\u00e3o<\/strong><\/a><\/p>\n\n\n\n<h2 class=\"wp-block-heading\">Quais s\u00e3o as limita\u00e7\u00f5es da \u00e1rvore de falhas?<\/h2>\n\n\n\n<p>Embora apresente muitas vantagens, a \u00e1rvore de falhas tem limita\u00e7\u00f5es. Entre elas, podemos citar:<\/p>\n\n\n\n<ul class=\"wp-block-list\"><li>\u00c9 preciso criar uma \u00e1rvore de falha para cada evento principal, portanto diferentes falhas v\u00e3o exigir a cria\u00e7\u00e3o de v\u00e1rios diagramas;<\/li><li>Em sistemas complexos, a an\u00e1lise pode se tornar muito longa, demorada e trabalhosa;<\/li><li>Por ser um m\u00e9todo est\u00e1tico, n\u00e3o leva em considera\u00e7\u00e3o informa\u00e7\u00f5es vari\u00e1veis, como tempo, ciclo de vida e outros fatores quantitativos.<\/li><\/ul>\n\n\n\n<p>Por isso, o ideal \u00e9 aliar a \u00e1rvore de falhas a outras metodologias, como o <a href=\"https:\/\/www.produttivo.com.br\/blog\/fmea\/\" target=\"_blank\" rel=\"noreferrer noopener\">FMEA<\/a> (An\u00e1lise dos Modos de Falha e seus Efeitos) ou os 5 Porqu\u00eas.<\/p>\n\n\n\n<figure class=\"wp-block-image size-large is-style-default\"><a href=\"https:\/\/www.produttivo.com.br\/modelo\/checklist-manutencao-preventiva\/?utm_source=blog&amp;utm_medium=organic&amp;utm_term=postArvoreDeFalhas&amp;utm_campaign=PostArvoreDeFalhas\" target=\"_blank\" rel=\"noopener\"><img decoding=\"async\" width=\"1024\" height=\"535\" data-src=\"https:\/\/www.produttivo.com.br\/blog\/wp-content\/uploads\/2023\/04\/Checklist-Digital-de-Manutencao-Preventiva-para-usar-dentro-do-sistema-do-Produttivo-1024x535.webp\" alt=\"Checklist Digital de Manuten\u00e7\u00e3o Preventiva para usar dentro do sistema do Produttivo\" class=\"wp-image-22052 lazyload\" data-srcset=\"https:\/\/www.produttivo.com.br\/blog\/wp-content\/uploads\/2023\/04\/Checklist-Digital-de-Manutencao-Preventiva-para-usar-dentro-do-sistema-do-Produttivo-1024x535.webp 1024w, https:\/\/www.produttivo.com.br\/blog\/wp-content\/uploads\/2023\/04\/Checklist-Digital-de-Manutencao-Preventiva-para-usar-dentro-do-sistema-do-Produttivo-300x157.webp 300w, https:\/\/www.produttivo.com.br\/blog\/wp-content\/uploads\/2023\/04\/Checklist-Digital-de-Manutencao-Preventiva-para-usar-dentro-do-sistema-do-Produttivo.webp 1200w\" data-sizes=\"(max-width: 1024px) 100vw, 1024px\" src=\"data:image\/svg+xml;base64,PHN2ZyB3aWR0aD0iMSIgaGVpZ2h0PSIxIiB4bWxucz0iaHR0cDovL3d3dy53My5vcmcvMjAwMC9zdmciPjwvc3ZnPg==\" style=\"--smush-placeholder-width: 1024px; --smush-placeholder-aspect-ratio: 1024\/535;\" \/><\/a><\/figure>\n\n\n\n<h2 class=\"wp-block-heading\">Como fazer uma an\u00e1lise da \u00e1rvore de falhas?<\/h2>\n\n\n\n<p>Sabendo de todas as possibilidades dessa ferramenta, chegou a hora de fazer a an\u00e1lise da \u00e1rvore de falhas. Vamos ver um passo a passo de como realizar esse processo:<\/p>\n\n\n\n<h3 class=\"wp-block-heading\">Defina a falha prim\u00e1ria<\/h3>\n\n\n\n<p>Normalmente, um evento principal desperta a aten\u00e7\u00e3o da equipe e gera a necessidade de elabora\u00e7\u00e3o da \u00e1rvore de falhas. Defina qual foi essa situa\u00e7\u00e3o e, caso haja mais de uma falha, fa\u00e7a um diagrama para cada uma.<\/p>\n\n\n\n<p>Outra possibilidade \u00e9 a \u00e1rvore de falhas para situa\u00e7\u00f5es hipot\u00e9ticas, em que o problema ainda n\u00e3o ocorreu. O princ\u00edpio \u00e9 o mesmo: defina a falha que ser\u00e1 o ponto de partida e elabore as hip\u00f3teses em sequ\u00eancia.<\/p>\n\n\n\n<h3 class=\"wp-block-heading\">Defina o escopo do sistema<\/h3>\n\n\n\n<p>Alguns sistemas s\u00e3o muito complexos ou extensos, de modo que a \u00e1rvore de falhas pode seguir indefinidamente. Para restringir sua an\u00e1lise ao problema em quest\u00e3o, determine qual ser\u00e1 o escopo do sistema avaliado.<\/p>\n\n\n\n<h3 class=\"wp-block-heading\">Construa a \u00e1rvore de falhas<\/h3>\n\n\n\n<p>Sabendo do evento e do seu alcance, chegou a hora de criar a \u00e1rvore de falhas. Crie um diagrama que parta do problema inicial e use os s\u00edmbolos mencionados anteriormente para tra\u00e7ar uma sequ\u00eancia l\u00f3gica.<\/p>\n\n\n\n<p>Por exemplo: um <a href=\"https:\/\/www.produttivo.com.br\/blog\/prevencao-e-combate-a-incendio\/\" target=\"_blank\" rel=\"noreferrer noopener\">sistema de preven\u00e7\u00e3o e combate a inc\u00eandios<\/a> n\u00e3o funcionou corretamente. Esse \u00e9 o nosso evento principal. As hip\u00f3teses para isso s\u00e3o o mau funcionamento dos detectores de inc\u00eandio <strong>ou <\/strong>um defeito nos sprinklers.<\/p>\n\n\n\n<p>Em caso de defeito nos sprinklers, a falha pode ser causada por problema na <a href=\"https:\/\/www.produttivo.com.br\/blog\/manutencao-de-bombas\/\" target=\"_blank\" rel=\"noreferrer noopener\">bomba<\/a> de pressuriza\u00e7\u00e3o <strong>ou <\/strong>obstru\u00e7\u00e3o no bocal. J\u00e1 o mau funcionamento dos detectores \u00e9 causado por dois fatores: defeito no detector de fuma\u00e7a <strong>e<\/strong> falha no detector de calor.<\/p>\n\n\n\n<div class=\"wp-block-image\"><figure class=\"aligncenter size-large\"><img decoding=\"async\" width=\"1024\" height=\"391\" data-src=\"https:\/\/www.produttivo.com.br\/blog\/wp-content\/uploads\/2023\/04\/arvore-de-falhas-incendio-1024x391.jpg\" alt=\"Exemplo de constru\u00e7\u00e3o de uma \u00e1rvore de falhas \" class=\"wp-image-22102 lazyload\" data-srcset=\"https:\/\/www.produttivo.com.br\/blog\/wp-content\/uploads\/2023\/04\/arvore-de-falhas-incendio-1024x391.jpg 1024w, https:\/\/www.produttivo.com.br\/blog\/wp-content\/uploads\/2023\/04\/arvore-de-falhas-incendio-300x114.jpg 300w, https:\/\/www.produttivo.com.br\/blog\/wp-content\/uploads\/2023\/04\/arvore-de-falhas-incendio.jpg 1174w\" data-sizes=\"(max-width: 1024px) 100vw, 1024px\" src=\"data:image\/svg+xml;base64,PHN2ZyB3aWR0aD0iMSIgaGVpZ2h0PSIxIiB4bWxucz0iaHR0cDovL3d3dy53My5vcmcvMjAwMC9zdmciPjwvc3ZnPg==\" style=\"--smush-placeholder-width: 1024px; --smush-placeholder-aspect-ratio: 1024\/391;\" \/><\/figure><\/div>\n\n\n\n<p>A \u00e1rvore deve continuar at\u00e9 que as outras hip\u00f3teses sejam exclu\u00eddas e reste a causa raiz do defeito no sistema de prote\u00e7\u00e3o contra inc\u00eandios.<\/p>\n\n\n\n<p class=\"has-text-align-center\"><strong><a href=\"https:\/\/www.produttivo.com.br\/modelo\/checklist-de-combate-incendio\/?utm_source=blog&amp;utm_medium=organic&amp;utm_term=postArvoreDeFalhas&amp;utm_campaign=PostArvoreDeFalhas\" target=\"_blank\" rel=\"noreferrer noopener\">Confira o checklist de combate a inc\u00eandio do Produttivo para uso no aplicativo<\/a><\/strong><\/p>\n\n\n\n<h3 class=\"wp-block-heading\">Avalie a \u00e1rvore de falhas<\/h3>\n\n\n\n<p>N\u00e3o basta apenas listar os eventos e possibilidades: sua \u00e1rvore de falhas deve ser analisada cuidadosamente para que a causa raiz seja encontrada e todas as hip\u00f3teses sejam controladas.<\/p>\n\n\n\n<p>Assim, a an\u00e1lise da \u00e1rvore de falhas ser\u00e1 uma aliada na produtividade da sua empresa.<\/p>\n\n\n\n<hr class=\"wp-block-separator\"\/>\n\n\n\n<p>Para registrar e acompanhar falhas ou n\u00e3o conformidades nos ativos, uma op\u00e7\u00e3o \u00e9 investir em um sistema digital de relat\u00f3rios, ordens de servi\u00e7o e checklist.<\/p>\n\n\n\n<p>O Produttivo conta com um modelo de <a href=\"https:\/\/www.produttivo.com.br\/modelo\/checklist-de-maquinas-e-equipamentos\/?utm_source=blog&amp;utm_medium=organic&amp;utm_term=postArvoreDeFalhas&amp;utm_campaign=PostArvoreDeFalhas\" target=\"_blank\" data-type=\"URL\" data-id=\"https:\/\/www.produttivo.com.br\/modelo\/checklist-de-maquinas-e-equipamentos\/?utm_source=blog&amp;utm_medium=organic&amp;utm_term=postArvoreDeFalhas&amp;utm_campaign=PostArvoreDeFalhas\" rel=\"noreferrer noopener\">checklist de m\u00e1quinas e equipamentos<\/a> para ser usado dentro do sistema. O formul\u00e1rio \u00e9 preenchido pelo t\u00e9cnico durante a vistoria e conta com quest\u00f5es personalizadas para registrar n\u00e3o conformidades encontradas no ativo.<\/p>\n\n\n\n<p>Olha s\u00f3 como fica o relat\u00f3rio finalizado:<\/p>\n\n\n\n<figure class=\"wp-block-gallery has-nested-images columns-default is-cropped wp-block-gallery-3 is-layout-flex wp-block-gallery-is-layout-flex\">\n<figure class=\"wp-block-image size-large\"><a href=\"https:\/\/www.produttivo.com.br\/modelo\/checklist-de-maquinas-e-equipamentos\/?utm_source=blog&amp;utm_medium=organic&amp;utm_term=postArvoreDeFalhas&amp;utm_campaign=PostArvoreDeFalhas\" target=\"_blank\" rel=\"noopener\"><img decoding=\"async\" width=\"724\" height=\"1024\" data-id=\"22201\" data-src=\"https:\/\/www.produttivo.com.br\/blog\/wp-content\/uploads\/2023\/05\/checklist-de-maquinas-e-equipamentos-digital-para-usar-em-aplicativo-01-724x1024.webp\" alt=\"modelo de checklist de m\u00e1quinas e equipamentos para usar no produttivo p\u00e1gina 01\" class=\"wp-image-22201 lazyload\" data-srcset=\"https:\/\/www.produttivo.com.br\/blog\/wp-content\/uploads\/2023\/05\/checklist-de-maquinas-e-equipamentos-digital-para-usar-em-aplicativo-01-724x1024.webp 724w, https:\/\/www.produttivo.com.br\/blog\/wp-content\/uploads\/2023\/05\/checklist-de-maquinas-e-equipamentos-digital-para-usar-em-aplicativo-01-212x300.webp 212w, https:\/\/www.produttivo.com.br\/blog\/wp-content\/uploads\/2023\/05\/checklist-de-maquinas-e-equipamentos-digital-para-usar-em-aplicativo-01-1085x1536.webp 1085w, https:\/\/www.produttivo.com.br\/blog\/wp-content\/uploads\/2023\/05\/checklist-de-maquinas-e-equipamentos-digital-para-usar-em-aplicativo-01.webp 1240w\" data-sizes=\"(max-width: 724px) 100vw, 724px\" src=\"data:image\/svg+xml;base64,PHN2ZyB3aWR0aD0iMSIgaGVpZ2h0PSIxIiB4bWxucz0iaHR0cDovL3d3dy53My5vcmcvMjAwMC9zdmciPjwvc3ZnPg==\" style=\"--smush-placeholder-width: 724px; --smush-placeholder-aspect-ratio: 724\/1024;\" \/><\/a><\/figure>\n\n\n\n<figure class=\"wp-block-image size-large\"><a href=\"https:\/\/www.produttivo.com.br\/modelo\/checklist-de-maquinas-e-equipamentos\/?utm_source=blog&amp;utm_medium=organic&amp;utm_term=postArvoreDeFalhas&amp;utm_campaign=PostArvoreDeFalhas\" target=\"_blank\" rel=\"noopener\"><img decoding=\"async\" width=\"724\" height=\"1024\" data-id=\"22202\" data-src=\"https:\/\/www.produttivo.com.br\/blog\/wp-content\/uploads\/2023\/05\/checklist-de-maquinas-e-equipamentos-digital-para-usar-em-aplicativo-02-724x1024.webp\" alt=\"modelo de checklist de m\u00e1quinas e equipamentos para usar no produttivo p\u00e1gina 02\" class=\"wp-image-22202 lazyload\" data-srcset=\"https:\/\/www.produttivo.com.br\/blog\/wp-content\/uploads\/2023\/05\/checklist-de-maquinas-e-equipamentos-digital-para-usar-em-aplicativo-02-724x1024.webp 724w, https:\/\/www.produttivo.com.br\/blog\/wp-content\/uploads\/2023\/05\/checklist-de-maquinas-e-equipamentos-digital-para-usar-em-aplicativo-02-212x300.webp 212w, https:\/\/www.produttivo.com.br\/blog\/wp-content\/uploads\/2023\/05\/checklist-de-maquinas-e-equipamentos-digital-para-usar-em-aplicativo-02-1085x1536.webp 1085w, https:\/\/www.produttivo.com.br\/blog\/wp-content\/uploads\/2023\/05\/checklist-de-maquinas-e-equipamentos-digital-para-usar-em-aplicativo-02.webp 1240w\" data-sizes=\"(max-width: 724px) 100vw, 724px\" src=\"data:image\/svg+xml;base64,PHN2ZyB3aWR0aD0iMSIgaGVpZ2h0PSIxIiB4bWxucz0iaHR0cDovL3d3dy53My5vcmcvMjAwMC9zdmciPjwvc3ZnPg==\" style=\"--smush-placeholder-width: 724px; --smush-placeholder-aspect-ratio: 724\/1024;\" \/><\/a><\/figure>\n<\/figure>\n\n\n\n<p>S\u00e3o mais de 20 <a href=\"https:\/\/www.produttivo.com.br\/modelo\/?utm_source=blog&amp;utm_medium=organic&amp;utm_term=postArvoreDeFalhas&amp;utm_campaign=PostArvoreDeFalhas\" target=\"_blank\" data-type=\"URL\" data-id=\"https:\/\/www.produttivo.com.br\/modelo\/?utm_source=blog&amp;utm_medium=organic&amp;utm_term=postArvoreDeFalhas&amp;utm_campaign=PostArvoreDeFalhas\" rel=\"noreferrer noopener\">modelos prontos<\/a> para uso e tamb\u00e9m \u00e9 poss\u00edvel criar um formul\u00e1rio com quest\u00f5es que fazem sentido para o seu neg\u00f3cio. O sistema ainda conta com recursos como:<\/p>\n\n\n\n<ul class=\"wp-block-list\"><li>Cabe\u00e7alho autom\u00e1tico, dispensando o preenchimento manual a cada atendimento;<\/li><li>Registro fotogr\u00e1fico com marca\u00e7\u00e3o de data e hora para comprova\u00e7\u00e3o;<\/li><li>Geolocaliza\u00e7\u00e3o, ideal para atendimentos em campo;<\/li><li>Assinatura digital no pr\u00f3prio celular ou tablet.;<\/li><li>E muito mais!<\/li><\/ul>\n\n\n\n<p>Al\u00e9m disso, todas as informa\u00e7\u00f5es s\u00e3o armazenadas em nuvem e podem ser consultadas depois da visita. Tamb\u00e9m \u00e9 poss\u00edvel analisar seus <a href=\"https:\/\/www.produttivo.com.br\/dashboard-indicadores-de-manutencao-e-servicos\/?utm_source=blog&amp;utm_medium=organic&amp;utm_term=postArvoreDeFalhas&amp;utm_campaign=PostArvoreDeFalhas\" target=\"_blank\" data-type=\"URL\" data-id=\"https:\/\/www.produttivo.com.br\/dashboard-indicadores-de-manutencao-e-servicos\/?utm_source=blog&amp;utm_medium=organic&amp;utm_term=postArvoreDeFalhas&amp;utm_campaign=PostArvoreDeFalhas\" rel=\"noreferrer noopener\">indicadores<\/a> no formato de gr\u00e1fico, para tomar decis\u00f5es baseadas em dados.<\/p>\n\n\n\n<div class=\"wp-block-image\"><figure class=\"aligncenter size-large\"><a href=\"https:\/\/www.produttivo.com.br\/dashboard-indicadores-de-manutencao-e-servicos\/?utm_source=blog&amp;utm_medium=organic&amp;utm_term=postArvoreDeFalhas&amp;utm_campaign=PostArvoreDeFalhas\" target=\"_blank\" rel=\"noopener\"><img decoding=\"async\" width=\"1024\" height=\"805\" data-src=\"https:\/\/www.produttivo.com.br\/blog\/wp-content\/uploads\/2020\/10\/Screen-Shot-2020-08-31-at-10.18.17-min-1024x805.png\" alt=\"Exemplo de como os indicadores das inspe\u00e7\u00f5es aparecem no Produttivo \" class=\"wp-image-1879 lazyload\" data-srcset=\"https:\/\/www.produttivo.com.br\/blog\/wp-content\/uploads\/2020\/10\/Screen-Shot-2020-08-31-at-10.18.17-min-1024x805.png 1024w, https:\/\/www.produttivo.com.br\/blog\/wp-content\/uploads\/2020\/10\/Screen-Shot-2020-08-31-at-10.18.17-min-300x236.png 300w, https:\/\/www.produttivo.com.br\/blog\/wp-content\/uploads\/2020\/10\/Screen-Shot-2020-08-31-at-10.18.17-min.png 1038w\" data-sizes=\"(max-width: 1024px) 100vw, 1024px\" src=\"data:image\/svg+xml;base64,PHN2ZyB3aWR0aD0iMSIgaGVpZ2h0PSIxIiB4bWxucz0iaHR0cDovL3d3dy53My5vcmcvMjAwMC9zdmciPjwvc3ZnPg==\" style=\"--smush-placeholder-width: 1024px; --smush-placeholder-aspect-ratio: 1024\/805;\" \/><\/a><\/figure><\/div>\n\n\n\n<p>Aproveite essa e outras funcionalidades do Produttivo! Fa\u00e7a o <a href=\"https:\/\/www.produttivo.com.br\/cadastro\/?utm_source=blog&amp;utm_medium=organic&amp;utm_term=postArvoreDeFalhas&amp;utm_campaign=PostArvoreDeFalhas\" target=\"_blank\" data-type=\"URL\" data-id=\"https:\/\/www.produttivo.com.br\/cadastro\/?utm_source=blog&amp;utm_medium=organic&amp;utm_term=postArvoreDeFalhas&amp;utm_campaign=PostArvoreDeFalhas\" rel=\"noreferrer noopener\">teste gr\u00e1tis<\/a> e tenha acesso a todos os recursos, sem precisar cadastrar cart\u00e3o de cr\u00e9dito.<\/p>\n\n\n\n<script type=\"application\/ld+json\">\n{\n  \"@context\": \"https:\/\/schema.org\",\n  \"@type\": \"FAQPage\",\n  \"mainEntity\": [{\n    \"@type\": \"Question\",\n    \"name\": \"O que \u00e9 uma \u00e1rvore de falhas?\",\n    \"acceptedAnswer\": {\n      \"@type\": \"Answer\",\n      \"text\": \"A \u00e1rvore de falhas \u00e9 uma ferramenta que coloca os eventos relacionados em uma sequ\u00eancia l\u00f3gica, permitindo entender qual foi a causa raiz que gerou o problema ou situa\u00e7\u00e3o. \u00c9 feita por meio de diagramas, criando uma representa\u00e7\u00e3o visual que ajuda a identificar qual foi a falha inicial que levou ao problema principal.\"\n    }\n  },{\n    \"@type\": \"Question\",\n    \"name\": \"Qual o objetivo da \u00e1rvore de falhas?\",\n    \"acceptedAnswer\": {\n      \"@type\": \"Answer\",\n      \"text\": \"A an\u00e1lise da \u00e1rvore de falhas \u00e9 uma \u00f3tima ferramenta para trazer mais produtividade para a sua empresa, j\u00e1 que ajuda a diagnosticar a causa raiz de uma falha e identificar medidas para reduzir o risco, evitando reincid\u00eancia.\"\n    }\n  },{\n    \"@type\": \"Question\",\n    \"name\": \"Como surgiu a \u00e1rvore de falhas?\",\n    \"acceptedAnswer\": {\n      \"@type\": \"Answer\",\n      \"text\": \"A \u00e1rvore de falhas surgiu em 1962, quando H. A. Watson densenvolveu um sistema de an\u00e1lise para identificar n\u00e3o conformidades em m\u00edsseis da for\u00e7a \u00e1rea norte-americana, criando um sistema para identificar e reduzir os riscos de falhas funcionais.\"\n    }\n  },{\n    \"@type\": \"Question\",\n    \"name\": \"O que \u00e9 \u00e1rvore de falhas seguran\u00e7a do trabalho?\",\n    \"acceptedAnswer\": {\n      \"@type\": \"Answer\",\n      \"text\": \"Quando um acidente de trabalho for registrado, a \u00e1rvore de falhas tra\u00e7a o caminho at\u00e9 a causa raiz da ocorr\u00eancia, abrindo espa\u00e7o para implementa\u00e7\u00e3o de medidas de preven\u00e7\u00e3o e controle que evitem reincid\u00eancia.\"\n    }\n  }]\n}\n<\/script>\n","protected":false},"excerpt":{"rendered":"<p>A an\u00e1lise da \u00e1rvore de falhas, tamb\u00e9m chamada de FTA (Fault Tree Analysis), \u00e9 uma metodologia que usa diagramas para [&hellip;]<\/p>\n","protected":false},"author":13,"featured_media":22106,"comment_status":"open","ping_status":"open","sticky":false,"template":"","format":"standard","meta":{"_uag_custom_page_level_css":"","_monsterinsights_skip_tracking":false,"_monsterinsights_sitenote_active":false,"_monsterinsights_sitenote_note":"","_monsterinsights_sitenote_category":0,"site-sidebar-layout":"default","site-content-layout":"","ast-site-content-layout":"default","site-content-style":"default","site-sidebar-style":"default","ast-global-header-display":"","ast-banner-title-visibility":"","ast-main-header-display":"","ast-hfb-above-header-display":"","ast-hfb-below-header-display":"","ast-hfb-mobile-header-display":"","site-post-title":"","ast-breadcrumbs-content":"","ast-featured-img":"","footer-sml-layout":"","ast-disable-related-posts":"","theme-transparent-header-meta":"","adv-header-id-meta":"","stick-header-meta":"","header-above-stick-meta":"","header-main-stick-meta":"","header-below-stick-meta":"","astra-migrate-meta-layouts":"default","ast-page-background-enabled":"default","ast-page-background-meta":{"desktop":{"background-color":"var(--ast-global-color-4)","background-image":"","background-repeat":"repeat","background-position":"center center","background-size":"auto","background-attachment":"scroll","background-type":"","background-media":"","overlay-type":"","overlay-color":"","overlay-opacity":"","overlay-gradient":""},"tablet":{"background-color":"","background-image":"","background-repeat":"repeat","background-position":"center center","background-size":"auto","background-attachment":"scroll","background-type":"","background-media":"","overlay-type":"","overlay-color":"","overlay-opacity":"","overlay-gradient":""},"mobile":{"background-color":"","background-image":"","background-repeat":"repeat","background-position":"center center","background-size":"auto","background-attachment":"scroll","background-type":"","background-media":"","overlay-type":"","overlay-color":"","overlay-opacity":"","overlay-gradient":""}},"ast-content-background-meta":{"desktop":{"background-color":"var(--ast-global-color-5)","background-image":"","background-repeat":"repeat","background-position":"center center","background-size":"auto","background-attachment":"scroll","background-type":"","background-media":"","overlay-type":"","overlay-color":"","overlay-opacity":"","overlay-gradient":""},"tablet":{"background-color":"var(--ast-global-color-5)","background-image":"","background-repeat":"repeat","background-position":"center center","background-size":"auto","background-attachment":"scroll","background-type":"","background-media":"","overlay-type":"","overlay-color":"","overlay-opacity":"","overlay-gradient":""},"mobile":{"background-color":"var(--ast-global-color-5)","background-image":"","background-repeat":"repeat","background-position":"center center","background-size":"auto","background-attachment":"scroll","background-type":"","background-media":"","overlay-type":"","overlay-color":"","overlay-opacity":"","overlay-gradient":""}},"footnotes":""},"categories":[607],"tags":[],"class_list":["post-22095","post","type-post","status-publish","format-standard","has-post-thumbnail","hentry","category-analises-tecnicas"],"uagb_featured_image_src":{"full":["https:\/\/www.produttivo.com.br\/blog\/wp-content\/uploads\/2023\/04\/arvore-de-falhas-1.jpg",900,600,false],"thumbnail":["https:\/\/www.produttivo.com.br\/blog\/wp-content\/uploads\/2023\/04\/arvore-de-falhas-1-150x150.jpg",150,150,true],"medium":["https:\/\/www.produttivo.com.br\/blog\/wp-content\/uploads\/2023\/04\/arvore-de-falhas-1-300x200.jpg",300,200,true],"medium_large":["https:\/\/www.produttivo.com.br\/blog\/wp-content\/uploads\/2023\/04\/arvore-de-falhas-1.jpg",900,600,false],"large":["https:\/\/www.produttivo.com.br\/blog\/wp-content\/uploads\/2023\/04\/arvore-de-falhas-1.jpg",900,600,false],"1536x1536":["https:\/\/www.produttivo.com.br\/blog\/wp-content\/uploads\/2023\/04\/arvore-de-falhas-1.jpg",900,600,false],"2048x2048":["https:\/\/www.produttivo.com.br\/blog\/wp-content\/uploads\/2023\/04\/arvore-de-falhas-1.jpg",900,600,false]},"uagb_author_info":{"display_name":"Mar\u00edlia Alves","author_link":"https:\/\/www.produttivo.com.br\/blog\/author\/marilia-alves\/"},"uagb_comment_info":1,"uagb_excerpt":"A an\u00e1lise da \u00e1rvore de falhas, tamb\u00e9m chamada de FTA (Fault Tree Analysis), \u00e9 uma metodologia que usa diagramas para [&hellip;]","_links":{"self":[{"href":"https:\/\/www.produttivo.com.br\/blog\/wp-json\/wp\/v2\/posts\/22095","targetHints":{"allow":["GET"]}}],"collection":[{"href":"https:\/\/www.produttivo.com.br\/blog\/wp-json\/wp\/v2\/posts"}],"about":[{"href":"https:\/\/www.produttivo.com.br\/blog\/wp-json\/wp\/v2\/types\/post"}],"author":[{"embeddable":true,"href":"https:\/\/www.produttivo.com.br\/blog\/wp-json\/wp\/v2\/users\/13"}],"replies":[{"embeddable":true,"href":"https:\/\/www.produttivo.com.br\/blog\/wp-json\/wp\/v2\/comments?post=22095"}],"version-history":[{"count":4,"href":"https:\/\/www.produttivo.com.br\/blog\/wp-json\/wp\/v2\/posts\/22095\/revisions"}],"predecessor-version":[{"id":24764,"href":"https:\/\/www.produttivo.com.br\/blog\/wp-json\/wp\/v2\/posts\/22095\/revisions\/24764"}],"wp:featuredmedia":[{"embeddable":true,"href":"https:\/\/www.produttivo.com.br\/blog\/wp-json\/wp\/v2\/media\/22106"}],"wp:attachment":[{"href":"https:\/\/www.produttivo.com.br\/blog\/wp-json\/wp\/v2\/media?parent=22095"}],"wp:term":[{"taxonomy":"category","embeddable":true,"href":"https:\/\/www.produttivo.com.br\/blog\/wp-json\/wp\/v2\/categories?post=22095"},{"taxonomy":"post_tag","embeddable":true,"href":"https:\/\/www.produttivo.com.br\/blog\/wp-json\/wp\/v2\/tags?post=22095"}],"curies":[{"name":"wp","href":"https:\/\/api.w.org\/{rel}","templated":true}]}}